{"id":23112,"date":"2026-03-24T14:50:56","date_gmt":"2026-03-24T13:50:56","guid":{"rendered":"http:\/\/cms.mtsomnii.de\/w7\/merkur-de-gap\/seit-zwei-jahren-keine-fluechtlingszuweisungen-in-garmisch-partenkirchen-94233327-html-2-23112\/"},"modified":"2026-03-24T14:50:56","modified_gmt":"2026-03-24T13:50:56","slug":"seit-zwei-jahren-keine-fluechtlingszuweisungen-in-garmisch-partenkirchen-94233327-html-2","status":"publish","type":"post","link":"http:\/\/cms.mtsomnii.de\/w7\/merkur-de-gap\/seit-zwei-jahren-keine-fluechtlingszuweisungen-in-garmisch-partenkirchen-94233327-html-2-23112\/","title":{"rendered":"Stabile Zahlen, hohe Quote: Garmisch-Partenkirchner Landratsamt kann Gefahr neuer Fl\u00fcchtlingswelle aktuell kaum einsch\u00e4tzen"},"content":{"rendered":"<div>Der Landkreis Garmisch-Partenkirchen betreut 2806 Asylbewerber und Fl\u00fcchtlinge. Dank \u00dcbererf\u00fcllung der Quote gibt es seit zwei Jahren keine Zuweisungen.<\/div>\n","protected":false},"excerpt":{"rendered":"<p>Der Landkreis Garmisch-Partenkirchen betreut 2806 Asylbewerber und Fl\u00fcchtlinge. Dank \u00dcbererf\u00fcllung der Quote gibt es seit zwei Jahren keine Zuweisungen.<\/p>\n","protected":false},"author":5,"featured_media":0,"comment_status":"closed","ping_status":"open","sticky":false,"template":"","format":"standard","meta":[],"categories":[5],"tags":[],"_links":{"self":[{"href":"http:\/\/cms.mtsomnii.de\/w7\/wp-json\/wp\/v2\/posts\/23112"}],"collection":[{"href":"http:\/\/cms.mtsomnii.de\/w7\/wp-json\/wp\/v2\/posts"}],"about":[{"href":"http:\/\/cms.mtsomnii.de\/w7\/wp-json\/wp\/v2\/types\/post"}],"author":[{"embeddable":true,"href":"http:\/\/cms.mtsomnii.de\/w7\/wp-json\/wp\/v2\/users\/5"}],"replies":[{"embeddable":true,"href":"http:\/\/cms.mtsomnii.de\/w7\/wp-json\/wp\/v2\/comments?post=23112"}],"version-history":[{"count":0,"href":"http:\/\/cms.mtsomnii.de\/w7\/wp-json\/wp\/v2\/posts\/23112\/revisions"}],"wp:attachment":[{"href":"http:\/\/cms.mtsomnii.de\/w7\/wp-json\/wp\/v2\/media?parent=23112"}],"wp:term":[{"taxonomy":"category","embeddable":true,"href":"http:\/\/cms.mtsomnii.de\/w7\/wp-json\/wp\/v2\/categories?post=23112"},{"taxonomy":"post_tag","embeddable":true,"href":"http:\/\/cms.mtsomnii.de\/w7\/wp-json\/wp\/v2\/tags?post=23112"}],"curies":[{"name":"wp","href":"https:\/\/api.w.org\/{rel}","templated":true}]}}