{"id":23116,"date":"2026-03-25T07:02:00","date_gmt":"2026-03-25T06:02:00","guid":{"rendered":"http:\/\/cms.mtsomnii.de\/w7\/merkur-de-gap\/fabian-gratz-verpasst-nach-halbzeit-rang-vier-das-erste-podest-weltcup-finale-deutsches-skiass-94233891-html-2-23116\/"},"modified":"2026-03-25T07:02:00","modified_gmt":"2026-03-25T06:02:00","slug":"fabian-gratz-verpasst-nach-halbzeit-rang-vier-das-erste-podest-weltcup-finale-deutsches-skiass-94233891-html-2","status":"publish","type":"post","link":"http:\/\/cms.mtsomnii.de\/w7\/merkur-de-gap\/fabian-gratz-verpasst-nach-halbzeit-rang-vier-das-erste-podest-weltcup-finale-deutsches-skiass-94233891-html-2-23116\/","title":{"rendered":"Deutsches Ski-Ass verpasst \u00dcberraschung"},"content":{"rendered":"<div>Ein deutsches Ski-Ass h\u00e4tte beim Weltcupfinale fast f\u00fcr eine geh\u00f6rige \u00dcberraschung gesorgt. Doch am Ende trauert er selbst dieser riesigen Chance hinterher.<\/div>\n","protected":false},"excerpt":{"rendered":"<p>Ein deutsches Ski-Ass h\u00e4tte beim Weltcupfinale fast f\u00fcr eine geh\u00f6rige \u00dcberraschung gesorgt. Doch am Ende trauert er selbst dieser riesigen Chance hinterher.<\/p>\n","protected":false},"author":5,"featured_media":0,"comment_status":"closed","ping_status":"open","sticky":false,"template":"","format":"standard","meta":[],"categories":[5],"tags":[],"_links":{"self":[{"href":"http:\/\/cms.mtsomnii.de\/w7\/wp-json\/wp\/v2\/posts\/23116"}],"collection":[{"href":"http:\/\/cms.mtsomnii.de\/w7\/wp-json\/wp\/v2\/posts"}],"about":[{"href":"http:\/\/cms.mtsomnii.de\/w7\/wp-json\/wp\/v2\/types\/post"}],"author":[{"embeddable":true,"href":"http:\/\/cms.mtsomnii.de\/w7\/wp-json\/wp\/v2\/users\/5"}],"replies":[{"embeddable":true,"href":"http:\/\/cms.mtsomnii.de\/w7\/wp-json\/wp\/v2\/comments?post=23116"}],"version-history":[{"count":0,"href":"http:\/\/cms.mtsomnii.de\/w7\/wp-json\/wp\/v2\/posts\/23116\/revisions"}],"wp:attachment":[{"href":"http:\/\/cms.mtsomnii.de\/w7\/wp-json\/wp\/v2\/media?parent=23116"}],"wp:term":[{"taxonomy":"category","embeddable":true,"href":"http:\/\/cms.mtsomnii.de\/w7\/wp-json\/wp\/v2\/categories?post=23116"},{"taxonomy":"post_tag","embeddable":true,"href":"http:\/\/cms.mtsomnii.de\/w7\/wp-json\/wp\/v2\/tags?post=23116"}],"curies":[{"name":"wp","href":"https:\/\/api.w.org\/{rel}","templated":true}]}}