{"id":23134,"date":"2026-03-30T12:06:00","date_gmt":"2026-03-30T10:06:00","guid":{"rendered":"http:\/\/cms.mtsomnii.de\/w7\/merkur-de-gap\/gemeinde-laesst-trotz-protests-baeume-am-bahnhof-eschenlohe-faellen-94240814-html-23134\/"},"modified":"2026-03-30T12:06:00","modified_gmt":"2026-03-30T10:06:00","slug":"gemeinde-laesst-trotz-protests-baeume-am-bahnhof-eschenlohe-faellen-94240814-html","status":"publish","type":"post","link":"http:\/\/cms.mtsomnii.de\/w7\/merkur-de-gap\/gemeinde-laesst-trotz-protests-baeume-am-bahnhof-eschenlohe-faellen-94240814-html-23134\/","title":{"rendered":"F\u00e4llungen am Eschenloher Bahnhof sorgen f\u00fcr Wirbel \u2013 B\u00fcrgermeister K\u00f6lbl nennt Sicherheitsgr\u00fcnde"},"content":{"rendered":"<div>Baumf\u00e4llungen am Eschenloher Bahnhof sorgen f\u00fcr Unmut. Die Gemeinde verweist auf die Verkehrssicherungspflicht.<\/div>\n","protected":false},"excerpt":{"rendered":"<p>Baumf\u00e4llungen am Eschenloher Bahnhof sorgen f\u00fcr Unmut. Die Gemeinde verweist auf die Verkehrssicherungspflicht.<\/p>\n","protected":false},"author":5,"featured_media":0,"comment_status":"closed","ping_status":"open","sticky":false,"template":"","format":"standard","meta":[],"categories":[5],"tags":[],"_links":{"self":[{"href":"http:\/\/cms.mtsomnii.de\/w7\/wp-json\/wp\/v2\/posts\/23134"}],"collection":[{"href":"http:\/\/cms.mtsomnii.de\/w7\/wp-json\/wp\/v2\/posts"}],"about":[{"href":"http:\/\/cms.mtsomnii.de\/w7\/wp-json\/wp\/v2\/types\/post"}],"author":[{"embeddable":true,"href":"http:\/\/cms.mtsomnii.de\/w7\/wp-json\/wp\/v2\/users\/5"}],"replies":[{"embeddable":true,"href":"http:\/\/cms.mtsomnii.de\/w7\/wp-json\/wp\/v2\/comments?post=23134"}],"version-history":[{"count":0,"href":"http:\/\/cms.mtsomnii.de\/w7\/wp-json\/wp\/v2\/posts\/23134\/revisions"}],"wp:attachment":[{"href":"http:\/\/cms.mtsomnii.de\/w7\/wp-json\/wp\/v2\/media?parent=23134"}],"wp:term":[{"taxonomy":"category","embeddable":true,"href":"http:\/\/cms.mtsomnii.de\/w7\/wp-json\/wp\/v2\/categories?post=23134"},{"taxonomy":"post_tag","embeddable":true,"href":"http:\/\/cms.mtsomnii.de\/w7\/wp-json\/wp\/v2\/tags?post=23134"}],"curies":[{"name":"wp","href":"https:\/\/api.w.org\/{rel}","templated":true}]}}