{"id":23146,"date":"2026-03-30T14:38:41","date_gmt":"2026-03-30T12:38:41","guid":{"rendered":"http:\/\/cms.mtsomnii.de\/w7\/merkur-de-gap\/fahrschulen-verlieren-wegen-geplanter-reform-bis-zu-20-prozent-schueler-94242203-html-2-23146\/"},"modified":"2026-03-30T14:38:41","modified_gmt":"2026-03-30T12:38:41","slug":"fahrschulen-verlieren-wegen-geplanter-reform-bis-zu-20-prozent-schueler-94242203-html-2","status":"publish","type":"post","link":"http:\/\/cms.mtsomnii.de\/w7\/merkur-de-gap\/fahrschulen-verlieren-wegen-geplanter-reform-bis-zu-20-prozent-schueler-94242203-html-2-23146\/","title":{"rendered":"Fahrschulen verlieren wegen geplanter Bundesreform bis zu 20 Prozent Sch\u00fcler"},"content":{"rendered":"<div>Die F\u00fchrerschein-Reform l\u00e4sst viele Fahrsch\u00fcler auch im Landkreis Garmisch-Partenkirchen abwarten. Fahrlehrer warnen vor l\u00e4ngeren Wartezeiten und bezweifeln echte Kostenersparnis.<\/div>\n","protected":false},"excerpt":{"rendered":"<p>Die F\u00fchrerschein-Reform l\u00e4sst viele Fahrsch\u00fcler auch im Landkreis Garmisch-Partenkirchen abwarten. Fahrlehrer warnen vor l\u00e4ngeren Wartezeiten und bezweifeln echte Kostenersparnis.<\/p>\n","protected":false},"author":5,"featured_media":0,"comment_status":"closed","ping_status":"open","sticky":false,"template":"","format":"standard","meta":[],"categories":[5],"tags":[],"_links":{"self":[{"href":"http:\/\/cms.mtsomnii.de\/w7\/wp-json\/wp\/v2\/posts\/23146"}],"collection":[{"href":"http:\/\/cms.mtsomnii.de\/w7\/wp-json\/wp\/v2\/posts"}],"about":[{"href":"http:\/\/cms.mtsomnii.de\/w7\/wp-json\/wp\/v2\/types\/post"}],"author":[{"embeddable":true,"href":"http:\/\/cms.mtsomnii.de\/w7\/wp-json\/wp\/v2\/users\/5"}],"replies":[{"embeddable":true,"href":"http:\/\/cms.mtsomnii.de\/w7\/wp-json\/wp\/v2\/comments?post=23146"}],"version-history":[{"count":0,"href":"http:\/\/cms.mtsomnii.de\/w7\/wp-json\/wp\/v2\/posts\/23146\/revisions"}],"wp:attachment":[{"href":"http:\/\/cms.mtsomnii.de\/w7\/wp-json\/wp\/v2\/media?parent=23146"}],"wp:term":[{"taxonomy":"category","embeddable":true,"href":"http:\/\/cms.mtsomnii.de\/w7\/wp-json\/wp\/v2\/categories?post=23146"},{"taxonomy":"post_tag","embeddable":true,"href":"http:\/\/cms.mtsomnii.de\/w7\/wp-json\/wp\/v2\/tags?post=23146"}],"curies":[{"name":"wp","href":"https:\/\/api.w.org\/{rel}","templated":true}]}}