{"id":23161,"date":"2026-04-05T08:00:00","date_gmt":"2026-04-05T06:00:00","guid":{"rendered":"http:\/\/cms.mtsomnii.de\/w7\/kreisbote-gap\/die-stille-kraft-von-ostern-in-bewegten-zeiten-im-landkreis-garmisch-partenkirchen-94244824-html-23161\/"},"modified":"2026-04-05T08:00:00","modified_gmt":"2026-04-05T06:00:00","slug":"die-stille-kraft-von-ostern-in-bewegten-zeiten-im-landkreis-garmisch-partenkirchen-94244824-html","status":"publish","type":"post","link":"http:\/\/cms.mtsomnii.de\/w7\/kreisbote-gap\/die-stille-kraft-von-ostern-in-bewegten-zeiten-im-landkreis-garmisch-partenkirchen-94244824-html-23161\/","title":{"rendered":"Die stille Kraft von Ostern in bewegten Zeiten im Landkreis Garmisch-Partenkirchen"},"content":{"rendered":"<div>In Zeiten, in denen die Nachrichten von Krisen, Konflikten und politischen Spannungen gepr\u00e4gt sind, bekommt Ostern f\u00fcr viele Menschen eine neue Bedeutung. Das Fest, das traditionell f\u00fcr Hoffnung, Neubeginn und Zuversicht steht, wirkt gerade in einer unruhigen Welt wie ein stiller Gegenpol zum Alltag.<\/div>\n","protected":false},"excerpt":{"rendered":"<p>In Zeiten, in denen die Nachrichten von Krisen, Konflikten und politischen Spannungen gepr\u00e4gt sind, bekommt Ostern f\u00fcr viele Menschen eine neue Bedeutung. Das Fest, das traditionell f\u00fcr Hoffnung, Neubeginn und Zuversicht steht, wirkt gerade in einer unruhigen Welt wie ein stiller Gegenpol zum Alltag.<\/p>\n","protected":false},"author":4,"featured_media":0,"comment_status":"closed","ping_status":"open","sticky":false,"template":"","format":"standard","meta":[],"categories":[2],"tags":[],"_links":{"self":[{"href":"http:\/\/cms.mtsomnii.de\/w7\/wp-json\/wp\/v2\/posts\/23161"}],"collection":[{"href":"http:\/\/cms.mtsomnii.de\/w7\/wp-json\/wp\/v2\/posts"}],"about":[{"href":"http:\/\/cms.mtsomnii.de\/w7\/wp-json\/wp\/v2\/types\/post"}],"author":[{"embeddable":true,"href":"http:\/\/cms.mtsomnii.de\/w7\/wp-json\/wp\/v2\/users\/4"}],"replies":[{"embeddable":true,"href":"http:\/\/cms.mtsomnii.de\/w7\/wp-json\/wp\/v2\/comments?post=23161"}],"version-history":[{"count":0,"href":"http:\/\/cms.mtsomnii.de\/w7\/wp-json\/wp\/v2\/posts\/23161\/revisions"}],"wp:attachment":[{"href":"http:\/\/cms.mtsomnii.de\/w7\/wp-json\/wp\/v2\/media?parent=23161"}],"wp:term":[{"taxonomy":"category","embeddable":true,"href":"http:\/\/cms.mtsomnii.de\/w7\/wp-json\/wp\/v2\/categories?post=23161"},{"taxonomy":"post_tag","embeddable":true,"href":"http:\/\/cms.mtsomnii.de\/w7\/wp-json\/wp\/v2\/tags?post=23161"}],"curies":[{"name":"wp","href":"https:\/\/api.w.org\/{rel}","templated":true}]}}