{"id":23194,"date":"2026-04-10T07:02:00","date_gmt":"2026-04-10T05:02:00","guid":{"rendered":"http:\/\/cms.mtsomnii.de\/w7\/merkur-de-gap\/shafik-mayengo-vom-fc-megas-kaempft-mit-33-jahren-gegen-nierenkrebsfussball-schock-leben-94255130-html-23194\/"},"modified":"2026-04-10T07:02:00","modified_gmt":"2026-04-10T05:02:00","slug":"shafik-mayengo-vom-fc-megas-kaempft-mit-33-jahren-gegen-nierenkrebsfussball-schock-leben-94255130-html","status":"publish","type":"post","link":"http:\/\/cms.mtsomnii.de\/w7\/merkur-de-gap\/shafik-mayengo-vom-fc-megas-kaempft-mit-33-jahren-gegen-nierenkrebsfussball-schock-leben-94255130-html-23194\/","title":{"rendered":"Das wichtigste Duell seines Lebens: Shafik Mayengo k\u00e4mpft  gegen Krebs an"},"content":{"rendered":"<div>Pl\u00f6tzlich wird Fu\u00dfball zur Nebensache. Denn ein Spieler des FC Megas k\u00e4mpft mit 33 Jahren gegen den Nierenkrebs an.<\/div>\n","protected":false},"excerpt":{"rendered":"<p>Pl\u00f6tzlich wird Fu\u00dfball zur Nebensache. Denn ein Spieler des FC Megas k\u00e4mpft mit 33 Jahren gegen den Nierenkrebs an.<\/p>\n","protected":false},"author":5,"featured_media":0,"comment_status":"closed","ping_status":"open","sticky":false,"template":"","format":"standard","meta":[],"categories":[5],"tags":[],"_links":{"self":[{"href":"http:\/\/cms.mtsomnii.de\/w7\/wp-json\/wp\/v2\/posts\/23194"}],"collection":[{"href":"http:\/\/cms.mtsomnii.de\/w7\/wp-json\/wp\/v2\/posts"}],"about":[{"href":"http:\/\/cms.mtsomnii.de\/w7\/wp-json\/wp\/v2\/types\/post"}],"author":[{"embeddable":true,"href":"http:\/\/cms.mtsomnii.de\/w7\/wp-json\/wp\/v2\/users\/5"}],"replies":[{"embeddable":true,"href":"http:\/\/cms.mtsomnii.de\/w7\/wp-json\/wp\/v2\/comments?post=23194"}],"version-history":[{"count":0,"href":"http:\/\/cms.mtsomnii.de\/w7\/wp-json\/wp\/v2\/posts\/23194\/revisions"}],"wp:attachment":[{"href":"http:\/\/cms.mtsomnii.de\/w7\/wp-json\/wp\/v2\/media?parent=23194"}],"wp:term":[{"taxonomy":"category","embeddable":true,"href":"http:\/\/cms.mtsomnii.de\/w7\/wp-json\/wp\/v2\/categories?post=23194"},{"taxonomy":"post_tag","embeddable":true,"href":"http:\/\/cms.mtsomnii.de\/w7\/wp-json\/wp\/v2\/tags?post=23194"}],"curies":[{"name":"wp","href":"https:\/\/api.w.org\/{rel}","templated":true}]}}