{"id":23199,"date":"2026-04-10T17:05:07","date_gmt":"2026-04-10T15:05:07","guid":{"rendered":"http:\/\/cms.mtsomnii.de\/w7\/merkur-de-gap\/tv-star-kai-pflaume-bergwacht-grainau-zugspitze-helikopter-hubschrauber-uebung-94256846-html-23199\/"},"modified":"2026-04-10T17:05:07","modified_gmt":"2026-04-10T15:05:07","slug":"tv-star-kai-pflaume-bergwacht-grainau-zugspitze-helikopter-hubschrauber-uebung-94256846-html","status":"publish","type":"post","link":"http:\/\/cms.mtsomnii.de\/w7\/merkur-de-gap\/tv-star-kai-pflaume-bergwacht-grainau-zugspitze-helikopter-hubschrauber-uebung-94256846-html-23199\/","title":{"rendered":"\u201eWas f\u00fcr ein Erlebnis\u201c: TV-Star Kai Pflaume begleitet Bergwacht an der Zugspitze"},"content":{"rendered":"<div>Der TV-Moderator und Influencer Kai Pflaume begleitet die Bergwacht Grainau bei einer \u00dcbung. F\u00fcr die Retter eine Chance, eine j\u00fcngere Zielgruppe zu erreichen.<\/div>\n","protected":false},"excerpt":{"rendered":"<p>Der TV-Moderator und Influencer Kai Pflaume begleitet die Bergwacht Grainau bei einer \u00dcbung. F\u00fcr die Retter eine Chance, eine j\u00fcngere Zielgruppe zu erreichen.<\/p>\n","protected":false},"author":5,"featured_media":0,"comment_status":"closed","ping_status":"open","sticky":false,"template":"","format":"standard","meta":[],"categories":[5],"tags":[],"_links":{"self":[{"href":"http:\/\/cms.mtsomnii.de\/w7\/wp-json\/wp\/v2\/posts\/23199"}],"collection":[{"href":"http:\/\/cms.mtsomnii.de\/w7\/wp-json\/wp\/v2\/posts"}],"about":[{"href":"http:\/\/cms.mtsomnii.de\/w7\/wp-json\/wp\/v2\/types\/post"}],"author":[{"embeddable":true,"href":"http:\/\/cms.mtsomnii.de\/w7\/wp-json\/wp\/v2\/users\/5"}],"replies":[{"embeddable":true,"href":"http:\/\/cms.mtsomnii.de\/w7\/wp-json\/wp\/v2\/comments?post=23199"}],"version-history":[{"count":0,"href":"http:\/\/cms.mtsomnii.de\/w7\/wp-json\/wp\/v2\/posts\/23199\/revisions"}],"wp:attachment":[{"href":"http:\/\/cms.mtsomnii.de\/w7\/wp-json\/wp\/v2\/media?parent=23199"}],"wp:term":[{"taxonomy":"category","embeddable":true,"href":"http:\/\/cms.mtsomnii.de\/w7\/wp-json\/wp\/v2\/categories?post=23199"},{"taxonomy":"post_tag","embeddable":true,"href":"http:\/\/cms.mtsomnii.de\/w7\/wp-json\/wp\/v2\/tags?post=23199"}],"curies":[{"name":"wp","href":"https:\/\/api.w.org\/{rel}","templated":true}]}}