{"id":23204,"date":"2026-04-11T15:00:00","date_gmt":"2026-04-11T13:00:00","guid":{"rendered":"http:\/\/cms.mtsomnii.de\/w7\/merkur-de-gap\/fruehjahrserwachen-in-linderhof-saisonstart-fuer-koenigsschloss-und-parkanlagen-steht-bevor-94256812-html-23204\/"},"modified":"2026-04-11T15:00:00","modified_gmt":"2026-04-11T13:00:00","slug":"fruehjahrserwachen-in-linderhof-saisonstart-fuer-koenigsschloss-und-parkanlagen-steht-bevor-94256812-html","status":"publish","type":"post","link":"http:\/\/cms.mtsomnii.de\/w7\/merkur-de-gap\/fruehjahrserwachen-in-linderhof-saisonstart-fuer-koenigsschloss-und-parkanlagen-steht-bevor-94256812-html-23204\/","title":{"rendered":"Fr\u00fchjahrserwachen in Linderhof: Saisonstart f\u00fcr K\u00f6nigsschloss und Parkanlagen steht bevor"},"content":{"rendered":"<div>Die Prunkbauten von K\u00f6nig Ludwig II. ziehen Jahr f\u00fcr Jahr zahlreiche Besucher an. F\u00fcr das K\u00f6nigsschloss und  die Parkanlagen in Linderhof ist der Start in die Sommersaison f\u00fcr 15. April geplant.<\/div>\n","protected":false},"excerpt":{"rendered":"<p>Die Prunkbauten von K\u00f6nig Ludwig II. ziehen Jahr f\u00fcr Jahr zahlreiche Besucher an. F\u00fcr das K\u00f6nigsschloss und die Parkanlagen in Linderhof ist der Start in die Sommersaison f\u00fcr 15. April geplant.<\/p>\n","protected":false},"author":5,"featured_media":0,"comment_status":"closed","ping_status":"open","sticky":false,"template":"","format":"standard","meta":[],"categories":[5],"tags":[],"_links":{"self":[{"href":"http:\/\/cms.mtsomnii.de\/w7\/wp-json\/wp\/v2\/posts\/23204"}],"collection":[{"href":"http:\/\/cms.mtsomnii.de\/w7\/wp-json\/wp\/v2\/posts"}],"about":[{"href":"http:\/\/cms.mtsomnii.de\/w7\/wp-json\/wp\/v2\/types\/post"}],"author":[{"embeddable":true,"href":"http:\/\/cms.mtsomnii.de\/w7\/wp-json\/wp\/v2\/users\/5"}],"replies":[{"embeddable":true,"href":"http:\/\/cms.mtsomnii.de\/w7\/wp-json\/wp\/v2\/comments?post=23204"}],"version-history":[{"count":0,"href":"http:\/\/cms.mtsomnii.de\/w7\/wp-json\/wp\/v2\/posts\/23204\/revisions"}],"wp:attachment":[{"href":"http:\/\/cms.mtsomnii.de\/w7\/wp-json\/wp\/v2\/media?parent=23204"}],"wp:term":[{"taxonomy":"category","embeddable":true,"href":"http:\/\/cms.mtsomnii.de\/w7\/wp-json\/wp\/v2\/categories?post=23204"},{"taxonomy":"post_tag","embeddable":true,"href":"http:\/\/cms.mtsomnii.de\/w7\/wp-json\/wp\/v2\/tags?post=23204"}],"curies":[{"name":"wp","href":"https:\/\/api.w.org\/{rel}","templated":true}]}}