{"id":23220,"date":"2026-04-10T11:51:00","date_gmt":"2026-04-10T09:51:00","guid":{"rendered":"http:\/\/cms.mtsomnii.de\/w7\/merkur-de-gap\/phillip-zoepf-gibt-sich-schuld-am-absturz-von-mehr-bewegen-94255181-html-3-23220\/"},"modified":"2026-04-10T11:51:00","modified_gmt":"2026-04-10T09:51:00","slug":"phillip-zoepf-gibt-sich-schuld-am-absturz-von-mehr-bewegen-94255181-html-3","status":"publish","type":"post","link":"http:\/\/cms.mtsomnii.de\/w7\/merkur-de-gap\/phillip-zoepf-gibt-sich-schuld-am-absturz-von-mehr-bewegen-94255181-html-3-23220\/","title":{"rendered":"Phillip Zoepfs neue Rolle als Politrentner \u2013 Ehemaliger Fraktionssprecher gibt sich Schuld am Absturz von Mehr Bewegen"},"content":{"rendered":"<div>Mit Phillip Zoepf verliert der Murnauer Gemeinderat eine pr\u00e4gende Figur. Der 53-J\u00e4hrige \u00fcbernimmt die Verantwortung f\u00fcr das schlechte Wahlergebnis von Mehr Bewegen.<\/div>\n","protected":false},"excerpt":{"rendered":"<p>Mit Phillip Zoepf verliert der Murnauer Gemeinderat eine pr\u00e4gende Figur. Der 53-J\u00e4hrige \u00fcbernimmt die Verantwortung f\u00fcr das schlechte Wahlergebnis von Mehr Bewegen.<\/p>\n","protected":false},"author":5,"featured_media":0,"comment_status":"closed","ping_status":"open","sticky":false,"template":"","format":"standard","meta":[],"categories":[5],"tags":[],"_links":{"self":[{"href":"http:\/\/cms.mtsomnii.de\/w7\/wp-json\/wp\/v2\/posts\/23220"}],"collection":[{"href":"http:\/\/cms.mtsomnii.de\/w7\/wp-json\/wp\/v2\/posts"}],"about":[{"href":"http:\/\/cms.mtsomnii.de\/w7\/wp-json\/wp\/v2\/types\/post"}],"author":[{"embeddable":true,"href":"http:\/\/cms.mtsomnii.de\/w7\/wp-json\/wp\/v2\/users\/5"}],"replies":[{"embeddable":true,"href":"http:\/\/cms.mtsomnii.de\/w7\/wp-json\/wp\/v2\/comments?post=23220"}],"version-history":[{"count":0,"href":"http:\/\/cms.mtsomnii.de\/w7\/wp-json\/wp\/v2\/posts\/23220\/revisions"}],"wp:attachment":[{"href":"http:\/\/cms.mtsomnii.de\/w7\/wp-json\/wp\/v2\/media?parent=23220"}],"wp:term":[{"taxonomy":"category","embeddable":true,"href":"http:\/\/cms.mtsomnii.de\/w7\/wp-json\/wp\/v2\/categories?post=23220"},{"taxonomy":"post_tag","embeddable":true,"href":"http:\/\/cms.mtsomnii.de\/w7\/wp-json\/wp\/v2\/tags?post=23220"}],"curies":[{"name":"wp","href":"https:\/\/api.w.org\/{rel}","templated":true}]}}