{"id":23232,"date":"2026-04-14T07:00:00","date_gmt":"2026-04-14T05:00:00","guid":{"rendered":"http:\/\/cms.mtsomnii.de\/w7\/merkur-de-gap\/beruf-familie-rathaus-53-tage-vorbereitungszeit-willkommen-im-paralleluniversum-94260131-html-23232\/"},"modified":"2026-04-14T07:00:00","modified_gmt":"2026-04-14T05:00:00","slug":"beruf-familie-rathaus-53-tage-vorbereitungszeit-willkommen-im-paralleluniversum-94260131-html","status":"publish","type":"post","link":"http:\/\/cms.mtsomnii.de\/w7\/merkur-de-gap\/beruf-familie-rathaus-53-tage-vorbereitungszeit-willkommen-im-paralleluniversum-94260131-html-23232\/","title":{"rendered":"53 Tage Vorbereitungszeit: Willkommen im Paralleluniversum"},"content":{"rendered":"<div>So langsam macht sich Wechselstimmung breit in den Rath\u00e4usern in Kr\u00fcn und Wallgau. Dort nehmen am 1. Mai mit Thomas Albrecht (35) und Florian Holzer (43) zwei Neue offiziell auf dem Chefsessel Platz. Die Vorbereitung auf dieses \u00f6ffentlichkeitsintensive Amt hat f\u00fcr beide l\u00e4ngst begonnen.<\/div>\n","protected":false},"excerpt":{"rendered":"<p>So langsam macht sich Wechselstimmung breit in den Rath\u00e4usern in Kr\u00fcn und Wallgau. Dort nehmen am 1. Mai mit Thomas Albrecht (35) und Florian Holzer (43) zwei Neue offiziell auf dem Chefsessel Platz. Die Vorbereitung auf dieses \u00f6ffentlichkeitsintensive Amt hat f\u00fcr beide l\u00e4ngst begonnen.<\/p>\n","protected":false},"author":5,"featured_media":0,"comment_status":"closed","ping_status":"open","sticky":false,"template":"","format":"standard","meta":[],"categories":[5],"tags":[],"_links":{"self":[{"href":"http:\/\/cms.mtsomnii.de\/w7\/wp-json\/wp\/v2\/posts\/23232"}],"collection":[{"href":"http:\/\/cms.mtsomnii.de\/w7\/wp-json\/wp\/v2\/posts"}],"about":[{"href":"http:\/\/cms.mtsomnii.de\/w7\/wp-json\/wp\/v2\/types\/post"}],"author":[{"embeddable":true,"href":"http:\/\/cms.mtsomnii.de\/w7\/wp-json\/wp\/v2\/users\/5"}],"replies":[{"embeddable":true,"href":"http:\/\/cms.mtsomnii.de\/w7\/wp-json\/wp\/v2\/comments?post=23232"}],"version-history":[{"count":0,"href":"http:\/\/cms.mtsomnii.de\/w7\/wp-json\/wp\/v2\/posts\/23232\/revisions"}],"wp:attachment":[{"href":"http:\/\/cms.mtsomnii.de\/w7\/wp-json\/wp\/v2\/media?parent=23232"}],"wp:term":[{"taxonomy":"category","embeddable":true,"href":"http:\/\/cms.mtsomnii.de\/w7\/wp-json\/wp\/v2\/categories?post=23232"},{"taxonomy":"post_tag","embeddable":true,"href":"http:\/\/cms.mtsomnii.de\/w7\/wp-json\/wp\/v2\/tags?post=23232"}],"curies":[{"name":"wp","href":"https:\/\/api.w.org\/{rel}","templated":true}]}}