{"id":23233,"date":"2026-04-14T10:27:24","date_gmt":"2026-04-14T08:27:24","guid":{"rendered":"http:\/\/cms.mtsomnii.de\/w7\/merkur-de-gap\/am-garmischer-bahnhof-soll-ein-neues-aushaengeschild-entstehen-94260929-html-23233\/"},"modified":"2026-04-14T10:27:24","modified_gmt":"2026-04-14T08:27:24","slug":"am-garmischer-bahnhof-soll-ein-neues-aushaengeschild-entstehen-94260929-html","status":"publish","type":"post","link":"http:\/\/cms.mtsomnii.de\/w7\/merkur-de-gap\/am-garmischer-bahnhof-soll-ein-neues-aushaengeschild-entstehen-94260929-html-23233\/","title":{"rendered":"\u201eKein 08\/15-Kasten\u201c: Franz Hummel will ein Aush\u00e4ngeschild f\u00fcr Garmisch-Partenkirchen am Bahnhof bauen"},"content":{"rendered":"<div>Der Garmisch-Partenkirchner Bauausschuss votiert einstimmig f\u00fcr eine au\u00dfergew\u00f6hnliche Optik des neuen Wohn- und Gesch\u00e4ftskomplexes westlich des Bahnhofs. Doch eine H\u00fcrde bleibt vorerst.<\/div>\n","protected":false},"excerpt":{"rendered":"<p>Der Garmisch-Partenkirchner Bauausschuss votiert einstimmig f\u00fcr eine au\u00dfergew\u00f6hnliche Optik des neuen Wohn- und Gesch\u00e4ftskomplexes westlich des Bahnhofs. Doch eine H\u00fcrde bleibt vorerst.<\/p>\n","protected":false},"author":5,"featured_media":0,"comment_status":"closed","ping_status":"open","sticky":false,"template":"","format":"standard","meta":[],"categories":[5],"tags":[],"_links":{"self":[{"href":"http:\/\/cms.mtsomnii.de\/w7\/wp-json\/wp\/v2\/posts\/23233"}],"collection":[{"href":"http:\/\/cms.mtsomnii.de\/w7\/wp-json\/wp\/v2\/posts"}],"about":[{"href":"http:\/\/cms.mtsomnii.de\/w7\/wp-json\/wp\/v2\/types\/post"}],"author":[{"embeddable":true,"href":"http:\/\/cms.mtsomnii.de\/w7\/wp-json\/wp\/v2\/users\/5"}],"replies":[{"embeddable":true,"href":"http:\/\/cms.mtsomnii.de\/w7\/wp-json\/wp\/v2\/comments?post=23233"}],"version-history":[{"count":0,"href":"http:\/\/cms.mtsomnii.de\/w7\/wp-json\/wp\/v2\/posts\/23233\/revisions"}],"wp:attachment":[{"href":"http:\/\/cms.mtsomnii.de\/w7\/wp-json\/wp\/v2\/media?parent=23233"}],"wp:term":[{"taxonomy":"category","embeddable":true,"href":"http:\/\/cms.mtsomnii.de\/w7\/wp-json\/wp\/v2\/categories?post=23233"},{"taxonomy":"post_tag","embeddable":true,"href":"http:\/\/cms.mtsomnii.de\/w7\/wp-json\/wp\/v2\/tags?post=23233"}],"curies":[{"name":"wp","href":"https:\/\/api.w.org\/{rel}","templated":true}]}}