{"id":23235,"date":"2026-04-14T12:00:00","date_gmt":"2026-04-14T10:00:00","guid":{"rendered":"http:\/\/cms.mtsomnii.de\/w7\/merkur-de-gap\/erfolge-und-rueckschlaege-buergermeisterin-hoert-auf-und-zieht-bilanz-94260476-html-23235\/"},"modified":"2026-04-14T12:00:00","modified_gmt":"2026-04-14T10:00:00","slug":"erfolge-und-rueckschlaege-buergermeisterin-hoert-auf-und-zieht-bilanz-94260476-html","status":"publish","type":"post","link":"http:\/\/cms.mtsomnii.de\/w7\/merkur-de-gap\/erfolge-und-rueckschlaege-buergermeisterin-hoert-auf-und-zieht-bilanz-94260476-html-23235\/","title":{"rendered":"Erfolge und R\u00fcckschl\u00e4ge: B\u00fcrgermeisterin h\u00f6rt auf und zieht Bilanz"},"content":{"rendered":"<div>Seit zw\u00f6lf Jahren steht Gisela Kieweg an der Spitze der Gemeinde Bad Bayersoien. Damit ist bald Schluss. Sie wird ihren Schreibtisch r\u00e4umen. Ihrer Haltung bleibt sie treu.<\/div>\n","protected":false},"excerpt":{"rendered":"<p>Seit zw\u00f6lf Jahren steht Gisela Kieweg an der Spitze der Gemeinde Bad Bayersoien. Damit ist bald Schluss. Sie wird ihren Schreibtisch r\u00e4umen. Ihrer Haltung bleibt sie treu.<\/p>\n","protected":false},"author":5,"featured_media":0,"comment_status":"closed","ping_status":"open","sticky":false,"template":"","format":"standard","meta":[],"categories":[5],"tags":[],"_links":{"self":[{"href":"http:\/\/cms.mtsomnii.de\/w7\/wp-json\/wp\/v2\/posts\/23235"}],"collection":[{"href":"http:\/\/cms.mtsomnii.de\/w7\/wp-json\/wp\/v2\/posts"}],"about":[{"href":"http:\/\/cms.mtsomnii.de\/w7\/wp-json\/wp\/v2\/types\/post"}],"author":[{"embeddable":true,"href":"http:\/\/cms.mtsomnii.de\/w7\/wp-json\/wp\/v2\/users\/5"}],"replies":[{"embeddable":true,"href":"http:\/\/cms.mtsomnii.de\/w7\/wp-json\/wp\/v2\/comments?post=23235"}],"version-history":[{"count":0,"href":"http:\/\/cms.mtsomnii.de\/w7\/wp-json\/wp\/v2\/posts\/23235\/revisions"}],"wp:attachment":[{"href":"http:\/\/cms.mtsomnii.de\/w7\/wp-json\/wp\/v2\/media?parent=23235"}],"wp:term":[{"taxonomy":"category","embeddable":true,"href":"http:\/\/cms.mtsomnii.de\/w7\/wp-json\/wp\/v2\/categories?post=23235"},{"taxonomy":"post_tag","embeddable":true,"href":"http:\/\/cms.mtsomnii.de\/w7\/wp-json\/wp\/v2\/tags?post=23235"}],"curies":[{"name":"wp","href":"https:\/\/api.w.org\/{rel}","templated":true}]}}