{"id":23238,"date":"2026-04-14T19:23:00","date_gmt":"2026-04-14T17:23:00","guid":{"rendered":"http:\/\/cms.mtsomnii.de\/w7\/merkur-de-gap\/luca-allavena-bleibt-beim-sc-riessersee-dieser-standort-hat-mehr-verdient-eishockey-scr-oberliga-94262044-html-23238\/"},"modified":"2026-04-14T19:23:00","modified_gmt":"2026-04-14T17:23:00","slug":"luca-allavena-bleibt-beim-sc-riessersee-dieser-standort-hat-mehr-verdient-eishockey-scr-oberliga-94262044-html","status":"publish","type":"post","link":"http:\/\/cms.mtsomnii.de\/w7\/merkur-de-gap\/luca-allavena-bleibt-beim-sc-riessersee-dieser-standort-hat-mehr-verdient-eishockey-scr-oberliga-94262044-html-23238\/","title":{"rendered":"\u201eDieser Standort hat mehr verdient&#8220;: N\u00e4chster Spieler verl\u00e4ngert beim SCR"},"content":{"rendered":"<div>Der SC Riessersee bastelt weiter an seinem Kader f\u00fcr die kommende Spielzeit und verl\u00e4ngert nun mit einer Identifikationsfigur. Doch die \u00fcberlegte sich dieses Mal ihre Zukunft ganz genau.<\/div>\n","protected":false},"excerpt":{"rendered":"<p>Der SC Riessersee bastelt weiter an seinem Kader f\u00fcr die kommende Spielzeit und verl\u00e4ngert nun mit einer Identifikationsfigur. Doch die \u00fcberlegte sich dieses Mal ihre Zukunft ganz genau.<\/p>\n","protected":false},"author":5,"featured_media":0,"comment_status":"closed","ping_status":"open","sticky":false,"template":"","format":"standard","meta":[],"categories":[5],"tags":[],"_links":{"self":[{"href":"http:\/\/cms.mtsomnii.de\/w7\/wp-json\/wp\/v2\/posts\/23238"}],"collection":[{"href":"http:\/\/cms.mtsomnii.de\/w7\/wp-json\/wp\/v2\/posts"}],"about":[{"href":"http:\/\/cms.mtsomnii.de\/w7\/wp-json\/wp\/v2\/types\/post"}],"author":[{"embeddable":true,"href":"http:\/\/cms.mtsomnii.de\/w7\/wp-json\/wp\/v2\/users\/5"}],"replies":[{"embeddable":true,"href":"http:\/\/cms.mtsomnii.de\/w7\/wp-json\/wp\/v2\/comments?post=23238"}],"version-history":[{"count":0,"href":"http:\/\/cms.mtsomnii.de\/w7\/wp-json\/wp\/v2\/posts\/23238\/revisions"}],"wp:attachment":[{"href":"http:\/\/cms.mtsomnii.de\/w7\/wp-json\/wp\/v2\/media?parent=23238"}],"wp:term":[{"taxonomy":"category","embeddable":true,"href":"http:\/\/cms.mtsomnii.de\/w7\/wp-json\/wp\/v2\/categories?post=23238"},{"taxonomy":"post_tag","embeddable":true,"href":"http:\/\/cms.mtsomnii.de\/w7\/wp-json\/wp\/v2\/tags?post=23238"}],"curies":[{"name":"wp","href":"https:\/\/api.w.org\/{rel}","templated":true}]}}