{"id":23243,"date":"2026-04-16T07:00:00","date_gmt":"2026-04-16T05:00:00","guid":{"rendered":"http:\/\/cms.mtsomnii.de\/w7\/merkur-de-gap\/koch-nimmt-schimmer-in-die-pflicht-zwei-feuerwehren-muessen-bleiben-94263723-html-23243\/"},"modified":"2026-04-16T07:00:00","modified_gmt":"2026-04-16T05:00:00","slug":"koch-nimmt-schimmer-in-die-pflicht-zwei-feuerwehren-muessen-bleiben-94263723-html","status":"publish","type":"post","link":"http:\/\/cms.mtsomnii.de\/w7\/merkur-de-gap\/koch-nimmt-schimmer-in-die-pflicht-zwei-feuerwehren-muessen-bleiben-94263723-html-23243\/","title":{"rendered":"Koch nimmt Schimmer in die Pflicht: Zwei Feuerwehren m\u00fcssen bleiben"},"content":{"rendered":"<div>Die scheidende B\u00fcrgermeisterin macht die Zukunft der Feuerwehren zu ihrem Verm\u00e4chtnis. Ihr Nachfolger reagiert mit einem klaren Bekenntnis.<\/div>\n","protected":false},"excerpt":{"rendered":"<p>Die scheidende B\u00fcrgermeisterin macht die Zukunft der Feuerwehren zu ihrem Verm\u00e4chtnis. Ihr Nachfolger reagiert mit einem klaren Bekenntnis.<\/p>\n","protected":false},"author":5,"featured_media":0,"comment_status":"closed","ping_status":"open","sticky":false,"template":"","format":"standard","meta":[],"categories":[5],"tags":[],"_links":{"self":[{"href":"http:\/\/cms.mtsomnii.de\/w7\/wp-json\/wp\/v2\/posts\/23243"}],"collection":[{"href":"http:\/\/cms.mtsomnii.de\/w7\/wp-json\/wp\/v2\/posts"}],"about":[{"href":"http:\/\/cms.mtsomnii.de\/w7\/wp-json\/wp\/v2\/types\/post"}],"author":[{"embeddable":true,"href":"http:\/\/cms.mtsomnii.de\/w7\/wp-json\/wp\/v2\/users\/5"}],"replies":[{"embeddable":true,"href":"http:\/\/cms.mtsomnii.de\/w7\/wp-json\/wp\/v2\/comments?post=23243"}],"version-history":[{"count":0,"href":"http:\/\/cms.mtsomnii.de\/w7\/wp-json\/wp\/v2\/posts\/23243\/revisions"}],"wp:attachment":[{"href":"http:\/\/cms.mtsomnii.de\/w7\/wp-json\/wp\/v2\/media?parent=23243"}],"wp:term":[{"taxonomy":"category","embeddable":true,"href":"http:\/\/cms.mtsomnii.de\/w7\/wp-json\/wp\/v2\/categories?post=23243"},{"taxonomy":"post_tag","embeddable":true,"href":"http:\/\/cms.mtsomnii.de\/w7\/wp-json\/wp\/v2\/tags?post=23243"}],"curies":[{"name":"wp","href":"https:\/\/api.w.org\/{rel}","templated":true}]}}