{"id":23245,"date":"2026-04-16T10:18:54","date_gmt":"2026-04-16T08:18:54","guid":{"rendered":"http:\/\/cms.mtsomnii.de\/w7\/kreisbote-gap\/150-jahre-ffw-ohlstadt-mit-inferno-und-ursprung-buam-94264284-html-23245\/"},"modified":"2026-04-16T10:18:54","modified_gmt":"2026-04-16T08:18:54","slug":"150-jahre-ffw-ohlstadt-mit-inferno-und-ursprung-buam-94264284-html","status":"publish","type":"post","link":"http:\/\/cms.mtsomnii.de\/w7\/kreisbote-gap\/150-jahre-ffw-ohlstadt-mit-inferno-und-ursprung-buam-94264284-html-23245\/","title":{"rendered":"150 Jahre FFW Ohlstadt \u2013 mit Inferno und Ursprung Buam"},"content":{"rendered":"<div>Ohlstadt r\u00fcstet sich f\u00fcr ein Jubil\u00e4um der besonderen Art: Die Freiwillige Feuerwehr feiert ihr 150-j\u00e4hriges Bestehen \u2013 und das mit einem viert\u00e4gigen Festprogramm, das vom 11. bis 14. Juni den gesamten Ort in Feierlaune versetzen soll. Die Vorbereitungen laufen bereits seit Monaten auf Hochtouren, und im Dorf ist das Gro\u00dfereignis l\u00e4ngst Gespr\u00e4chsthema Nummer eins.<\/div>\n","protected":false},"excerpt":{"rendered":"<p>Ohlstadt r\u00fcstet sich f\u00fcr ein Jubil\u00e4um der besonderen Art: Die Freiwillige Feuerwehr feiert ihr 150-j\u00e4hriges Bestehen \u2013 und das mit einem viert\u00e4gigen Festprogramm, das vom 11. bis 14. Juni den gesamten Ort in Feierlaune versetzen soll. Die Vorbereitungen laufen bereits seit Monaten auf Hochtouren, und im Dorf ist das Gro\u00dfereignis l\u00e4ngst Gespr\u00e4chsthema Nummer eins.<\/p>\n","protected":false},"author":4,"featured_media":0,"comment_status":"closed","ping_status":"open","sticky":false,"template":"","format":"standard","meta":[],"categories":[2],"tags":[],"_links":{"self":[{"href":"http:\/\/cms.mtsomnii.de\/w7\/wp-json\/wp\/v2\/posts\/23245"}],"collection":[{"href":"http:\/\/cms.mtsomnii.de\/w7\/wp-json\/wp\/v2\/posts"}],"about":[{"href":"http:\/\/cms.mtsomnii.de\/w7\/wp-json\/wp\/v2\/types\/post"}],"author":[{"embeddable":true,"href":"http:\/\/cms.mtsomnii.de\/w7\/wp-json\/wp\/v2\/users\/4"}],"replies":[{"embeddable":true,"href":"http:\/\/cms.mtsomnii.de\/w7\/wp-json\/wp\/v2\/comments?post=23245"}],"version-history":[{"count":0,"href":"http:\/\/cms.mtsomnii.de\/w7\/wp-json\/wp\/v2\/posts\/23245\/revisions"}],"wp:attachment":[{"href":"http:\/\/cms.mtsomnii.de\/w7\/wp-json\/wp\/v2\/media?parent=23245"}],"wp:term":[{"taxonomy":"category","embeddable":true,"href":"http:\/\/cms.mtsomnii.de\/w7\/wp-json\/wp\/v2\/categories?post=23245"},{"taxonomy":"post_tag","embeddable":true,"href":"http:\/\/cms.mtsomnii.de\/w7\/wp-json\/wp\/v2\/tags?post=23245"}],"curies":[{"name":"wp","href":"https:\/\/api.w.org\/{rel}","templated":true}]}}