{"id":23256,"date":"2026-04-19T08:00:00","date_gmt":"2026-04-19T06:00:00","guid":{"rendered":"http:\/\/cms.mtsomnii.de\/w7\/kreisbote-gap\/gilgenreiners-uebergeben-ammergauer-klassiktage-benedikt-strauss-uebernimmt-94264308-html-23256\/"},"modified":"2026-04-19T08:00:00","modified_gmt":"2026-04-19T06:00:00","slug":"gilgenreiners-uebergeben-ammergauer-klassiktage-benedikt-strauss-uebernimmt-94264308-html","status":"publish","type":"post","link":"http:\/\/cms.mtsomnii.de\/w7\/kreisbote-gap\/gilgenreiners-uebergeben-ammergauer-klassiktage-benedikt-strauss-uebernimmt-94264308-html-23256\/","title":{"rendered":"Gilgenreiners \u00fcbergeben Ammergauer Klassiktage\u00a0\u2013 Benedikt Strau\u00df \u00fcbernimmt"},"content":{"rendered":"<div>Klassik auf dem Land? Die beliebten \u201aKlassiktage Ammergauer Alpen\u2018 schreiben seit 2015 Erfolgsgeschichte und werden auch in diesem Jahr fortgesetzt. An der Spitze gibt es allerdings eine Ver\u00e4nderung. Das bisherige Gesch\u00e4ftsf\u00fchrer-Ehepaar, Managerin Beate und Musiker Josef Gilgenreiner, \u00fcbergibt die Leitung der Veranstaltungsreihe in j\u00fcngere H\u00e4nde, an Benedikt Strau\u00df.<\/div>\n","protected":false},"excerpt":{"rendered":"<p>Klassik auf dem Land? Die beliebten \u201aKlassiktage Ammergauer Alpen\u2018 schreiben seit 2015 Erfolgsgeschichte und werden auch in diesem Jahr fortgesetzt. An der Spitze gibt es allerdings eine Ver\u00e4nderung. Das bisherige Gesch\u00e4ftsf\u00fchrer-Ehepaar, Managerin Beate und Musiker Josef Gilgenreiner, \u00fcbergibt die Leitung der Veranstaltungsreihe in j\u00fcngere H\u00e4nde, an Benedikt Strau\u00df.<\/p>\n","protected":false},"author":4,"featured_media":0,"comment_status":"closed","ping_status":"open","sticky":false,"template":"","format":"standard","meta":[],"categories":[2],"tags":[],"_links":{"self":[{"href":"http:\/\/cms.mtsomnii.de\/w7\/wp-json\/wp\/v2\/posts\/23256"}],"collection":[{"href":"http:\/\/cms.mtsomnii.de\/w7\/wp-json\/wp\/v2\/posts"}],"about":[{"href":"http:\/\/cms.mtsomnii.de\/w7\/wp-json\/wp\/v2\/types\/post"}],"author":[{"embeddable":true,"href":"http:\/\/cms.mtsomnii.de\/w7\/wp-json\/wp\/v2\/users\/4"}],"replies":[{"embeddable":true,"href":"http:\/\/cms.mtsomnii.de\/w7\/wp-json\/wp\/v2\/comments?post=23256"}],"version-history":[{"count":0,"href":"http:\/\/cms.mtsomnii.de\/w7\/wp-json\/wp\/v2\/posts\/23256\/revisions"}],"wp:attachment":[{"href":"http:\/\/cms.mtsomnii.de\/w7\/wp-json\/wp\/v2\/media?parent=23256"}],"wp:term":[{"taxonomy":"category","embeddable":true,"href":"http:\/\/cms.mtsomnii.de\/w7\/wp-json\/wp\/v2\/categories?post=23256"},{"taxonomy":"post_tag","embeddable":true,"href":"http:\/\/cms.mtsomnii.de\/w7\/wp-json\/wp\/v2\/tags?post=23256"}],"curies":[{"name":"wp","href":"https:\/\/api.w.org\/{rel}","templated":true}]}}