{"id":23261,"date":"2026-04-21T12:05:00","date_gmt":"2026-04-21T10:05:00","guid":{"rendered":"http:\/\/cms.mtsomnii.de\/w7\/merkur-de-gap\/hoernlebahn-fortschritte-an-tal-und-bergstation-einweihungstermin-noch-unklar-94270741-html-23261\/"},"modified":"2026-04-21T12:05:00","modified_gmt":"2026-04-21T10:05:00","slug":"hoernlebahn-fortschritte-an-tal-und-bergstation-einweihungstermin-noch-unklar-94270741-html","status":"publish","type":"post","link":"http:\/\/cms.mtsomnii.de\/w7\/merkur-de-gap\/hoernlebahn-fortschritte-an-tal-und-bergstation-einweihungstermin-noch-unklar-94270741-html-23261\/","title":{"rendered":"H\u00f6rnlebahn: Fortschritte an Tal- und Bergstation \u2013 Einweihungstermin noch unklar"},"content":{"rendered":"<div>Die H\u00f6rnle-Schwebebahn in Bad Kohlgrub wird saniert. Es geht mit gro\u00dfen Schritten Richtung Arbeitsende. Doch auch am Image soll sich etwas \u00e4ndern.<\/div>\n","protected":false},"excerpt":{"rendered":"<p>Die H\u00f6rnle-Schwebebahn in Bad Kohlgrub wird saniert. Es geht mit gro\u00dfen Schritten Richtung Arbeitsende. Doch auch am Image soll sich etwas \u00e4ndern.<\/p>\n","protected":false},"author":5,"featured_media":0,"comment_status":"closed","ping_status":"open","sticky":false,"template":"","format":"standard","meta":[],"categories":[5],"tags":[],"_links":{"self":[{"href":"http:\/\/cms.mtsomnii.de\/w7\/wp-json\/wp\/v2\/posts\/23261"}],"collection":[{"href":"http:\/\/cms.mtsomnii.de\/w7\/wp-json\/wp\/v2\/posts"}],"about":[{"href":"http:\/\/cms.mtsomnii.de\/w7\/wp-json\/wp\/v2\/types\/post"}],"author":[{"embeddable":true,"href":"http:\/\/cms.mtsomnii.de\/w7\/wp-json\/wp\/v2\/users\/5"}],"replies":[{"embeddable":true,"href":"http:\/\/cms.mtsomnii.de\/w7\/wp-json\/wp\/v2\/comments?post=23261"}],"version-history":[{"count":0,"href":"http:\/\/cms.mtsomnii.de\/w7\/wp-json\/wp\/v2\/posts\/23261\/revisions"}],"wp:attachment":[{"href":"http:\/\/cms.mtsomnii.de\/w7\/wp-json\/wp\/v2\/media?parent=23261"}],"wp:term":[{"taxonomy":"category","embeddable":true,"href":"http:\/\/cms.mtsomnii.de\/w7\/wp-json\/wp\/v2\/categories?post=23261"},{"taxonomy":"post_tag","embeddable":true,"href":"http:\/\/cms.mtsomnii.de\/w7\/wp-json\/wp\/v2\/tags?post=23261"}],"curies":[{"name":"wp","href":"https:\/\/api.w.org\/{rel}","templated":true}]}}