{"id":23262,"date":"2026-04-21T14:50:28","date_gmt":"2026-04-21T12:50:28","guid":{"rendered":"http:\/\/cms.mtsomnii.de\/w7\/merkur-de-gap\/mittenwald-grenze-oesterreich-bundespolizei-maenner-waffe-pistole-haft-gefaengnis-94271997-html-23262\/"},"modified":"2026-04-21T14:50:28","modified_gmt":"2026-04-21T12:50:28","slug":"mittenwald-grenze-oesterreich-bundespolizei-maenner-waffe-pistole-haft-gefaengnis-94271997-html","status":"publish","type":"post","link":"http:\/\/cms.mtsomnii.de\/w7\/merkur-de-gap\/mittenwald-grenze-oesterreich-bundespolizei-maenner-waffe-pistole-haft-gefaengnis-94271997-html-23262\/","title":{"rendered":"Mit geladener Pistole \u00fcber die Grenze: M\u00e4nner kommen ins Gef\u00e4ngnis"},"content":{"rendered":"<div>Die Bundespolizei hat am Montag (20. April) an der B2 bei Mittenwald eine geladene Pistole sichergestellt. Zwei M\u00e4nner wurden in Untersuchungshaft genommen.<\/div>\n","protected":false},"excerpt":{"rendered":"<p>Die Bundespolizei hat am Montag (20. April) an der B2 bei Mittenwald eine geladene Pistole sichergestellt. Zwei M\u00e4nner wurden in Untersuchungshaft genommen.<\/p>\n","protected":false},"author":5,"featured_media":0,"comment_status":"closed","ping_status":"open","sticky":false,"template":"","format":"standard","meta":[],"categories":[5],"tags":[],"_links":{"self":[{"href":"http:\/\/cms.mtsomnii.de\/w7\/wp-json\/wp\/v2\/posts\/23262"}],"collection":[{"href":"http:\/\/cms.mtsomnii.de\/w7\/wp-json\/wp\/v2\/posts"}],"about":[{"href":"http:\/\/cms.mtsomnii.de\/w7\/wp-json\/wp\/v2\/types\/post"}],"author":[{"embeddable":true,"href":"http:\/\/cms.mtsomnii.de\/w7\/wp-json\/wp\/v2\/users\/5"}],"replies":[{"embeddable":true,"href":"http:\/\/cms.mtsomnii.de\/w7\/wp-json\/wp\/v2\/comments?post=23262"}],"version-history":[{"count":0,"href":"http:\/\/cms.mtsomnii.de\/w7\/wp-json\/wp\/v2\/posts\/23262\/revisions"}],"wp:attachment":[{"href":"http:\/\/cms.mtsomnii.de\/w7\/wp-json\/wp\/v2\/media?parent=23262"}],"wp:term":[{"taxonomy":"category","embeddable":true,"href":"http:\/\/cms.mtsomnii.de\/w7\/wp-json\/wp\/v2\/categories?post=23262"},{"taxonomy":"post_tag","embeddable":true,"href":"http:\/\/cms.mtsomnii.de\/w7\/wp-json\/wp\/v2\/tags?post=23262"}],"curies":[{"name":"wp","href":"https:\/\/api.w.org\/{rel}","templated":true}]}}