{"id":23271,"date":"2026-04-23T17:36:08","date_gmt":"2026-04-23T15:36:08","guid":{"rendered":"http:\/\/cms.mtsomnii.de\/w7\/merkur-de-gap\/garmisch-partenkirchen-alpspitzstrasse-bauarbeiten-baustelle-94276079-html-23271\/"},"modified":"2026-04-23T17:36:08","modified_gmt":"2026-04-23T15:36:08","slug":"garmisch-partenkirchen-alpspitzstrasse-bauarbeiten-baustelle-94276079-html","status":"publish","type":"post","link":"http:\/\/cms.mtsomnii.de\/w7\/merkur-de-gap\/garmisch-partenkirchen-alpspitzstrasse-bauarbeiten-baustelle-94276079-html-23271\/","title":{"rendered":"Endspurt mit Verz\u00f6gerung: Bauarbeiten auf der Zielgerade"},"content":{"rendered":"<div>Die Bauarbeiten an der Alpspitzstra\u00dfe verz\u00f6gern sich. Schweres Ger\u00e4t hat die Fahrbahn besch\u00e4digt. Deswegen wird neu asphaltiert.<\/div>\n","protected":false},"excerpt":{"rendered":"<p>Die Bauarbeiten an der Alpspitzstra\u00dfe verz\u00f6gern sich. Schweres Ger\u00e4t hat die Fahrbahn besch\u00e4digt. Deswegen wird neu asphaltiert.<\/p>\n","protected":false},"author":5,"featured_media":0,"comment_status":"closed","ping_status":"open","sticky":false,"template":"","format":"standard","meta":[],"categories":[5],"tags":[],"_links":{"self":[{"href":"http:\/\/cms.mtsomnii.de\/w7\/wp-json\/wp\/v2\/posts\/23271"}],"collection":[{"href":"http:\/\/cms.mtsomnii.de\/w7\/wp-json\/wp\/v2\/posts"}],"about":[{"href":"http:\/\/cms.mtsomnii.de\/w7\/wp-json\/wp\/v2\/types\/post"}],"author":[{"embeddable":true,"href":"http:\/\/cms.mtsomnii.de\/w7\/wp-json\/wp\/v2\/users\/5"}],"replies":[{"embeddable":true,"href":"http:\/\/cms.mtsomnii.de\/w7\/wp-json\/wp\/v2\/comments?post=23271"}],"version-history":[{"count":0,"href":"http:\/\/cms.mtsomnii.de\/w7\/wp-json\/wp\/v2\/posts\/23271\/revisions"}],"wp:attachment":[{"href":"http:\/\/cms.mtsomnii.de\/w7\/wp-json\/wp\/v2\/media?parent=23271"}],"wp:term":[{"taxonomy":"category","embeddable":true,"href":"http:\/\/cms.mtsomnii.de\/w7\/wp-json\/wp\/v2\/categories?post=23271"},{"taxonomy":"post_tag","embeddable":true,"href":"http:\/\/cms.mtsomnii.de\/w7\/wp-json\/wp\/v2\/tags?post=23271"}],"curies":[{"name":"wp","href":"https:\/\/api.w.org\/{rel}","templated":true}]}}