{"id":23276,"date":"2026-04-24T08:00:00","date_gmt":"2026-04-24T06:00:00","guid":{"rendered":"http:\/\/cms.mtsomnii.de\/w7\/kreisbote-gap\/die-freiwillige-feuerwehr-bad-bayersoien-wirft-einen-blick-auf-das-vergangene-jahr-94274740-html-23276\/"},"modified":"2026-04-24T08:00:00","modified_gmt":"2026-04-24T06:00:00","slug":"die-freiwillige-feuerwehr-bad-bayersoien-wirft-einen-blick-auf-das-vergangene-jahr-94274740-html","status":"publish","type":"post","link":"http:\/\/cms.mtsomnii.de\/w7\/kreisbote-gap\/die-freiwillige-feuerwehr-bad-bayersoien-wirft-einen-blick-auf-das-vergangene-jahr-94274740-html-23276\/","title":{"rendered":"Die Freiwillige Feuerwehr Bad Bayersoien wirft einen Blick auf das vergangene Jahr"},"content":{"rendered":"<div>Bei der Dienst- und Jahresversammlung der Feuerwehr Bad Bayersoien standen neben dem R\u00fcckblick auf ein ereignisreiches Jahr auch Ehrungen und turnusgem\u00e4\u00dfe Neuwahlen im Mittelpunkt.<\/div>\n","protected":false},"excerpt":{"rendered":"<p>Bei der Dienst- und Jahresversammlung der Feuerwehr Bad Bayersoien standen neben dem R\u00fcckblick auf ein ereignisreiches Jahr auch Ehrungen und turnusgem\u00e4\u00dfe Neuwahlen im Mittelpunkt.<\/p>\n","protected":false},"author":4,"featured_media":0,"comment_status":"closed","ping_status":"open","sticky":false,"template":"","format":"standard","meta":[],"categories":[2],"tags":[],"_links":{"self":[{"href":"http:\/\/cms.mtsomnii.de\/w7\/wp-json\/wp\/v2\/posts\/23276"}],"collection":[{"href":"http:\/\/cms.mtsomnii.de\/w7\/wp-json\/wp\/v2\/posts"}],"about":[{"href":"http:\/\/cms.mtsomnii.de\/w7\/wp-json\/wp\/v2\/types\/post"}],"author":[{"embeddable":true,"href":"http:\/\/cms.mtsomnii.de\/w7\/wp-json\/wp\/v2\/users\/4"}],"replies":[{"embeddable":true,"href":"http:\/\/cms.mtsomnii.de\/w7\/wp-json\/wp\/v2\/comments?post=23276"}],"version-history":[{"count":0,"href":"http:\/\/cms.mtsomnii.de\/w7\/wp-json\/wp\/v2\/posts\/23276\/revisions"}],"wp:attachment":[{"href":"http:\/\/cms.mtsomnii.de\/w7\/wp-json\/wp\/v2\/media?parent=23276"}],"wp:term":[{"taxonomy":"category","embeddable":true,"href":"http:\/\/cms.mtsomnii.de\/w7\/wp-json\/wp\/v2\/categories?post=23276"},{"taxonomy":"post_tag","embeddable":true,"href":"http:\/\/cms.mtsomnii.de\/w7\/wp-json\/wp\/v2\/tags?post=23276"}],"curies":[{"name":"wp","href":"https:\/\/api.w.org\/{rel}","templated":true}]}}