{"id":23283,"date":"2026-04-26T19:00:00","date_gmt":"2026-04-26T17:00:00","guid":{"rendered":"http:\/\/cms.mtsomnii.de\/w7\/merkur-de-gap\/der-gasthof-zur-post-oeffnet-am-mai-nach-monatelanger-pause-wieder-94279411-html-23283\/"},"modified":"2026-04-26T19:00:00","modified_gmt":"2026-04-26T17:00:00","slug":"der-gasthof-zur-post-oeffnet-am-mai-nach-monatelanger-pause-wieder-94279411-html","status":"publish","type":"post","link":"http:\/\/cms.mtsomnii.de\/w7\/merkur-de-gap\/der-gasthof-zur-post-oeffnet-am-mai-nach-monatelanger-pause-wieder-94279411-html-23283\/","title":{"rendered":"\u201eEin Dorf braucht eine Wirtschaft\u201c: Gasthof zur Post \u00f6ffnet wieder"},"content":{"rendered":"<div>Diese Nachricht d\u00fcrfte viele Saulgruber freuen. Die Traditionsgastst\u00e4tte in ihrem Dorf sperrt wieder auf. Mit Tatkr\u00e4ftiger Unterst\u00fctzung eines Einheimischen.<\/div>\n","protected":false},"excerpt":{"rendered":"<p>Diese Nachricht d\u00fcrfte viele Saulgruber freuen. Die Traditionsgastst\u00e4tte in ihrem Dorf sperrt wieder auf. Mit Tatkr\u00e4ftiger Unterst\u00fctzung eines Einheimischen.<\/p>\n","protected":false},"author":5,"featured_media":0,"comment_status":"closed","ping_status":"open","sticky":false,"template":"","format":"standard","meta":[],"categories":[5],"tags":[],"_links":{"self":[{"href":"http:\/\/cms.mtsomnii.de\/w7\/wp-json\/wp\/v2\/posts\/23283"}],"collection":[{"href":"http:\/\/cms.mtsomnii.de\/w7\/wp-json\/wp\/v2\/posts"}],"about":[{"href":"http:\/\/cms.mtsomnii.de\/w7\/wp-json\/wp\/v2\/types\/post"}],"author":[{"embeddable":true,"href":"http:\/\/cms.mtsomnii.de\/w7\/wp-json\/wp\/v2\/users\/5"}],"replies":[{"embeddable":true,"href":"http:\/\/cms.mtsomnii.de\/w7\/wp-json\/wp\/v2\/comments?post=23283"}],"version-history":[{"count":0,"href":"http:\/\/cms.mtsomnii.de\/w7\/wp-json\/wp\/v2\/posts\/23283\/revisions"}],"wp:attachment":[{"href":"http:\/\/cms.mtsomnii.de\/w7\/wp-json\/wp\/v2\/media?parent=23283"}],"wp:term":[{"taxonomy":"category","embeddable":true,"href":"http:\/\/cms.mtsomnii.de\/w7\/wp-json\/wp\/v2\/categories?post=23283"},{"taxonomy":"post_tag","embeddable":true,"href":"http:\/\/cms.mtsomnii.de\/w7\/wp-json\/wp\/v2\/tags?post=23283"}],"curies":[{"name":"wp","href":"https:\/\/api.w.org\/{rel}","templated":true}]}}