{"id":23288,"date":"2026-04-28T12:22:00","date_gmt":"2026-04-28T10:22:00","guid":{"rendered":"http:\/\/cms.mtsomnii.de\/w7\/merkur-de-gap\/beuting-will-buergermeister-trio-fraktionen-schweigen-zu-verhandlungen-94282133-html-23288\/"},"modified":"2026-04-28T12:22:00","modified_gmt":"2026-04-28T10:22:00","slug":"beuting-will-buergermeister-trio-fraktionen-schweigen-zu-verhandlungen-94282133-html","status":"publish","type":"post","link":"http:\/\/cms.mtsomnii.de\/w7\/merkur-de-gap\/beuting-will-buergermeister-trio-fraktionen-schweigen-zu-verhandlungen-94282133-html-23288\/","title":{"rendered":"Beuting will B\u00fcrgermeister-Trio \u2013 Fraktionen schweigen zu Verhandlungen"},"content":{"rendered":"<div>Der Murnauer B\u00fcrgermeister Rolf Beuting (\u00d6DP\/B\u00fcrgerforum) h\u00e4tte gern zwei Stellvertreter. Die Fraktionen schweigen zu den laufenden Sondierungsgespr\u00e4chen \u00fcber Posten.<\/div>\n","protected":false},"excerpt":{"rendered":"<p>Der Murnauer B\u00fcrgermeister Rolf Beuting (\u00d6DP\/B\u00fcrgerforum) h\u00e4tte gern zwei Stellvertreter. Die Fraktionen schweigen zu den laufenden Sondierungsgespr\u00e4chen \u00fcber Posten.<\/p>\n","protected":false},"author":5,"featured_media":0,"comment_status":"closed","ping_status":"open","sticky":false,"template":"","format":"standard","meta":[],"categories":[5],"tags":[],"_links":{"self":[{"href":"http:\/\/cms.mtsomnii.de\/w7\/wp-json\/wp\/v2\/posts\/23288"}],"collection":[{"href":"http:\/\/cms.mtsomnii.de\/w7\/wp-json\/wp\/v2\/posts"}],"about":[{"href":"http:\/\/cms.mtsomnii.de\/w7\/wp-json\/wp\/v2\/types\/post"}],"author":[{"embeddable":true,"href":"http:\/\/cms.mtsomnii.de\/w7\/wp-json\/wp\/v2\/users\/5"}],"replies":[{"embeddable":true,"href":"http:\/\/cms.mtsomnii.de\/w7\/wp-json\/wp\/v2\/comments?post=23288"}],"version-history":[{"count":0,"href":"http:\/\/cms.mtsomnii.de\/w7\/wp-json\/wp\/v2\/posts\/23288\/revisions"}],"wp:attachment":[{"href":"http:\/\/cms.mtsomnii.de\/w7\/wp-json\/wp\/v2\/media?parent=23288"}],"wp:term":[{"taxonomy":"category","embeddable":true,"href":"http:\/\/cms.mtsomnii.de\/w7\/wp-json\/wp\/v2\/categories?post=23288"},{"taxonomy":"post_tag","embeddable":true,"href":"http:\/\/cms.mtsomnii.de\/w7\/wp-json\/wp\/v2\/tags?post=23288"}],"curies":[{"name":"wp","href":"https:\/\/api.w.org\/{rel}","templated":true}]}}