{"id":23308,"date":"2026-05-01T08:00:00","date_gmt":"2026-05-01T06:00:00","guid":{"rendered":"http:\/\/cms.mtsomnii.de\/w7\/kreisbote-gap\/garmisch-partenkirchen-lebenstraum-inklusiv-gap-setzt-auf-inklusion-im-alltag-94283694-html-23308\/"},"modified":"2026-05-01T08:00:00","modified_gmt":"2026-05-01T06:00:00","slug":"garmisch-partenkirchen-lebenstraum-inklusiv-gap-setzt-auf-inklusion-im-alltag-94283694-html","status":"publish","type":"post","link":"http:\/\/cms.mtsomnii.de\/w7\/kreisbote-gap\/garmisch-partenkirchen-lebenstraum-inklusiv-gap-setzt-auf-inklusion-im-alltag-94283694-html-23308\/","title":{"rendered":"Garmisch-Partenkirchen: \u201eLebensTraum inklusiv GAP e.V.\u201c setzt auf Inklusion im Alltag"},"content":{"rendered":"<div>Ein selbstbestimmtes Leben in einer Wohngemeinschaft: F\u00fcr viele junge Menschen selbstverst\u00e4ndlich und Teil des Erwachsenwerdens. F\u00fcr Menschen mit Behinderung ist dies hingegen oft noch ein unerf\u00fcllter Wunsch. Genau hier setzt der neu gegr\u00fcndete Verein \u201eLebensTraum inklusiv GAP e. V.\u201c an, der Inklusion im Alltag in Garmisch-Partenkirchen erlebbar machen m\u00f6chte.<\/div>\n","protected":false},"excerpt":{"rendered":"<p>Ein selbstbestimmtes Leben in einer Wohngemeinschaft: F\u00fcr viele junge Menschen selbstverst\u00e4ndlich und Teil des Erwachsenwerdens. F\u00fcr Menschen mit Behinderung ist dies hingegen oft noch ein unerf\u00fcllter Wunsch. Genau hier setzt der neu gegr\u00fcndete Verein \u201eLebensTraum inklusiv GAP e. V.\u201c an, der Inklusion im Alltag in Garmisch-Partenkirchen erlebbar machen m\u00f6chte.<\/p>\n","protected":false},"author":4,"featured_media":0,"comment_status":"closed","ping_status":"open","sticky":false,"template":"","format":"standard","meta":[],"categories":[2],"tags":[],"_links":{"self":[{"href":"http:\/\/cms.mtsomnii.de\/w7\/wp-json\/wp\/v2\/posts\/23308"}],"collection":[{"href":"http:\/\/cms.mtsomnii.de\/w7\/wp-json\/wp\/v2\/posts"}],"about":[{"href":"http:\/\/cms.mtsomnii.de\/w7\/wp-json\/wp\/v2\/types\/post"}],"author":[{"embeddable":true,"href":"http:\/\/cms.mtsomnii.de\/w7\/wp-json\/wp\/v2\/users\/4"}],"replies":[{"embeddable":true,"href":"http:\/\/cms.mtsomnii.de\/w7\/wp-json\/wp\/v2\/comments?post=23308"}],"version-history":[{"count":0,"href":"http:\/\/cms.mtsomnii.de\/w7\/wp-json\/wp\/v2\/posts\/23308\/revisions"}],"wp:attachment":[{"href":"http:\/\/cms.mtsomnii.de\/w7\/wp-json\/wp\/v2\/media?parent=23308"}],"wp:term":[{"taxonomy":"category","embeddable":true,"href":"http:\/\/cms.mtsomnii.de\/w7\/wp-json\/wp\/v2\/categories?post=23308"},{"taxonomy":"post_tag","embeddable":true,"href":"http:\/\/cms.mtsomnii.de\/w7\/wp-json\/wp\/v2\/tags?post=23308"}],"curies":[{"name":"wp","href":"https:\/\/api.w.org\/{rel}","templated":true}]}}