{"id":23973,"date":"2026-09-01T06:00:00","date_gmt":"2026-09-01T04:00:00","guid":{"rendered":"http:\/\/cms.mtsomnii.de\/w7\/merkur-de-gap\/karriere-danach-der-eine-wollte-der-andere-musste-heimatpolitik-aus-neuem-blickwinkel-94468438-html-23973\/"},"modified":"2026-09-01T06:00:00","modified_gmt":"2026-09-01T04:00:00","slug":"karriere-danach-der-eine-wollte-der-andere-musste-heimatpolitik-aus-neuem-blickwinkel-94468438-html","status":"publish","type":"post","link":"http:\/\/cms.mtsomnii.de\/w7\/merkur-de-gap\/karriere-danach-der-eine-wollte-der-andere-musste-heimatpolitik-aus-neuem-blickwinkel-94468438-html-23973\/","title":{"rendered":"Der eine wollte, der andere musste: Heimatpolitik aus neuem Blickwinkel"},"content":{"rendered":"<div>Vor vier Monaten hat sich die Arbeitswelt von zwei Isartaler B\u00fcrgermeistern schlagartig ver\u00e4ndert. Der eine, Thomas Schwarzenberger aus Kr\u00fcn, wollte \u2013 der andere, Bastian Eiter aus Wallgau, musste gehen. Beide haben sich inzwischen mit dem neuen Hier und Jetzt gut arrangiert.<\/div>\n","protected":false},"excerpt":{"rendered":"<p>Vor vier Monaten hat sich die Arbeitswelt von zwei Isartaler B\u00fcrgermeistern schlagartig ver\u00e4ndert. Der eine, Thomas Schwarzenberger aus Kr\u00fcn, wollte \u2013 der andere, Bastian Eiter aus Wallgau, musste gehen. Beide haben sich inzwischen mit dem neuen Hier und Jetzt gut arrangiert.<\/p>\n","protected":false},"author":5,"featured_media":0,"comment_status":"closed","ping_status":"open","sticky":false,"template":"","format":"standard","meta":[],"categories":[5],"tags":[],"_links":{"self":[{"href":"http:\/\/cms.mtsomnii.de\/w7\/wp-json\/wp\/v2\/posts\/23973"}],"collection":[{"href":"http:\/\/cms.mtsomnii.de\/w7\/wp-json\/wp\/v2\/posts"}],"about":[{"href":"http:\/\/cms.mtsomnii.de\/w7\/wp-json\/wp\/v2\/types\/post"}],"author":[{"embeddable":true,"href":"http:\/\/cms.mtsomnii.de\/w7\/wp-json\/wp\/v2\/users\/5"}],"replies":[{"embeddable":true,"href":"http:\/\/cms.mtsomnii.de\/w7\/wp-json\/wp\/v2\/comments?post=23973"}],"version-history":[{"count":0,"href":"http:\/\/cms.mtsomnii.de\/w7\/wp-json\/wp\/v2\/posts\/23973\/revisions"}],"wp:attachment":[{"href":"http:\/\/cms.mtsomnii.de\/w7\/wp-json\/wp\/v2\/media?parent=23973"}],"wp:term":[{"taxonomy":"category","embeddable":true,"href":"http:\/\/cms.mtsomnii.de\/w7\/wp-json\/wp\/v2\/categories?post=23973"},{"taxonomy":"post_tag","embeddable":true,"href":"http:\/\/cms.mtsomnii.de\/w7\/wp-json\/wp\/v2\/tags?post=23973"}],"curies":[{"name":"wp","href":"https:\/\/api.w.org\/{rel}","templated":true}]}}