{"id":2454,"date":"2020-07-22T20:04:04","date_gmt":"2020-07-22T20:04:04","guid":{"rendered":"https:\/\/w7vongap.de\/merkur-de-gap\/wolf-garmisch-partenkirchen-bayern-schafe-gerissen-gefahr-wildtierkamera-13839614-html-2-2454\/"},"modified":"2020-07-22T20:04:04","modified_gmt":"2020-07-22T20:04:04","slug":"wolf-garmisch-partenkirchen-bayern-schafe-gerissen-gefahr-wildtierkamera-13839614-html-2","status":"publish","type":"post","link":"http:\/\/cms.mtsomnii.de\/w7\/merkur-de-gap\/wolf-garmisch-partenkirchen-bayern-schafe-gerissen-gefahr-wildtierkamera-13839614-html-2-2454\/","title":{"rendered":"Tote Schafe gefunden: Streift Wolf in bayerischem Landkreis umher? Beh\u00f6rde \u00e4u\u00dfert sich"},"content":{"rendered":"<div>Es ist der Albtraum f&uuml;r jeden Almbauern: Ein Wolf rei&szlig;t seine Schafe. Genau das ist aller Wahrscheinlichkeit nach in einem Landkreis in Oberbayern passiert.<\/div>\n","protected":false},"excerpt":{"rendered":"<p>Es ist der Albtraum f&uuml;r jeden Almbauern: Ein Wolf rei&szlig;t seine Schafe. Genau das ist aller Wahrscheinlichkeit nach in einem Landkreis in Oberbayern passiert.<\/p>\n","protected":false},"author":5,"featured_media":228,"comment_status":"closed","ping_status":"open","sticky":false,"template":"","format":"standard","meta":[],"categories":[5],"tags":[],"_links":{"self":[{"href":"http:\/\/cms.mtsomnii.de\/w7\/wp-json\/wp\/v2\/posts\/2454"}],"collection":[{"href":"http:\/\/cms.mtsomnii.de\/w7\/wp-json\/wp\/v2\/posts"}],"about":[{"href":"http:\/\/cms.mtsomnii.de\/w7\/wp-json\/wp\/v2\/types\/post"}],"author":[{"embeddable":true,"href":"http:\/\/cms.mtsomnii.de\/w7\/wp-json\/wp\/v2\/users\/5"}],"replies":[{"embeddable":true,"href":"http:\/\/cms.mtsomnii.de\/w7\/wp-json\/wp\/v2\/comments?post=2454"}],"version-history":[{"count":0,"href":"http:\/\/cms.mtsomnii.de\/w7\/wp-json\/wp\/v2\/posts\/2454\/revisions"}],"wp:featuredmedia":[{"embeddable":true,"href":"http:\/\/cms.mtsomnii.de\/w7\/wp-json\/wp\/v2\/media\/228"}],"wp:attachment":[{"href":"http:\/\/cms.mtsomnii.de\/w7\/wp-json\/wp\/v2\/media?parent=2454"}],"wp:term":[{"taxonomy":"category","embeddable":true,"href":"http:\/\/cms.mtsomnii.de\/w7\/wp-json\/wp\/v2\/categories?post=2454"},{"taxonomy":"post_tag","embeddable":true,"href":"http:\/\/cms.mtsomnii.de\/w7\/wp-json\/wp\/v2\/tags?post=2454"}],"curies":[{"name":"wp","href":"https:\/\/api.w.org\/{rel}","templated":true}]}}