{"id":4023,"date":"2020-10-30T18:30:00","date_gmt":"2020-10-30T18:30:00","guid":{"rendered":"https:\/\/w7vongap.de\/merkur-de-gap\/aerger-um-zwei-tage-90086227-html-3979\/"},"modified":"2020-10-30T18:30:00","modified_gmt":"2020-10-30T18:30:00","slug":"aerger-um-zwei-tage-90086227-html","status":"publish","type":"post","link":"http:\/\/cms.mtsomnii.de\/w7\/merkur-de-gap\/aerger-um-zwei-tage-90086227-html-4023\/","title":{"rendered":"Nach fr\u00fcherer Schlie\u00dfung der Zugspitzbahn: Kritik von FDP &#8211; R\u00fcckendeckung von B\u00fcrgermeisterin"},"content":{"rendered":"<div>Die Bayerische Zugspitzbahn hat am Freitagabend ihren Betrieb eingestellt. Zwei Tage fr&uuml;her, als sie m&uuml;sste. Der Schritt ruft in Garmisch-Partenkirchen zum Teil Kritik hervor.<\/div>\n","protected":false},"excerpt":{"rendered":"<p>Die Bayerische Zugspitzbahn hat am Freitagabend ihren Betrieb eingestellt. Zwei Tage fr&uuml;her, als sie m&uuml;sste. Der Schritt ruft in Garmisch-Partenkirchen zum Teil Kritik hervor.<\/p>\n","protected":false},"author":5,"featured_media":228,"comment_status":"closed","ping_status":"open","sticky":false,"template":"","format":"standard","meta":[],"categories":[5],"tags":[],"_links":{"self":[{"href":"http:\/\/cms.mtsomnii.de\/w7\/wp-json\/wp\/v2\/posts\/4023"}],"collection":[{"href":"http:\/\/cms.mtsomnii.de\/w7\/wp-json\/wp\/v2\/posts"}],"about":[{"href":"http:\/\/cms.mtsomnii.de\/w7\/wp-json\/wp\/v2\/types\/post"}],"author":[{"embeddable":true,"href":"http:\/\/cms.mtsomnii.de\/w7\/wp-json\/wp\/v2\/users\/5"}],"replies":[{"embeddable":true,"href":"http:\/\/cms.mtsomnii.de\/w7\/wp-json\/wp\/v2\/comments?post=4023"}],"version-history":[{"count":0,"href":"http:\/\/cms.mtsomnii.de\/w7\/wp-json\/wp\/v2\/posts\/4023\/revisions"}],"wp:featuredmedia":[{"embeddable":true,"href":"http:\/\/cms.mtsomnii.de\/w7\/wp-json\/wp\/v2\/media\/228"}],"wp:attachment":[{"href":"http:\/\/cms.mtsomnii.de\/w7\/wp-json\/wp\/v2\/media?parent=4023"}],"wp:term":[{"taxonomy":"category","embeddable":true,"href":"http:\/\/cms.mtsomnii.de\/w7\/wp-json\/wp\/v2\/categories?post=4023"},{"taxonomy":"post_tag","embeddable":true,"href":"http:\/\/cms.mtsomnii.de\/w7\/wp-json\/wp\/v2\/tags?post=4023"}],"curies":[{"name":"wp","href":"https:\/\/api.w.org\/{rel}","templated":true}]}}