{"id":4268,"date":"2021-02-18T16:02:03","date_gmt":"2021-02-18T15:02:03","guid":{"rendered":"http:\/\/cms.mtsomnii.de\/w7\/merkur-de-gap\/zugspitze-explosion-klimawandel-naturkatastrophe-gletscher-zdf-doku-terry-x-umwelt-zr-90207613-html-4268\/"},"modified":"2021-02-18T16:02:03","modified_gmt":"2021-02-18T15:02:03","slug":"zugspitze-explosion-klimawandel-naturkatastrophe-gletscher-zdf-doku-terry-x-umwelt-zr-90207613-html","status":"publish","type":"post","link":"http:\/\/cms.mtsomnii.de\/w7\/merkur-de-gap\/zugspitze-explosion-klimawandel-naturkatastrophe-gletscher-zdf-doku-terry-x-umwelt-zr-90207613-html-4268\/","title":{"rendered":"Felsst\u00fcrze und Steinschl\u00e4ge an Zugspitze &#8211; ZDF-Doku zeichnet d\u00fcsteres Bild"},"content":{"rendered":"<div>Vor \u00fcber 3000 Jahren hat es an der Zugspitze einen gigantischen Bergabsturz gegeben. Schuld war ein Klimawandel. Und heute? Droht \u00e4hnliches?<\/div>\n","protected":false},"excerpt":{"rendered":"<p>Vor \u00fcber 3000 Jahren hat es an der Zugspitze einen gigantischen Bergabsturz gegeben. Schuld war ein Klimawandel. Und heute? Droht \u00e4hnliches?<\/p>\n","protected":false},"author":5,"featured_media":0,"comment_status":"closed","ping_status":"open","sticky":false,"template":"","format":"standard","meta":[],"categories":[5],"tags":[],"_links":{"self":[{"href":"http:\/\/cms.mtsomnii.de\/w7\/wp-json\/wp\/v2\/posts\/4268"}],"collection":[{"href":"http:\/\/cms.mtsomnii.de\/w7\/wp-json\/wp\/v2\/posts"}],"about":[{"href":"http:\/\/cms.mtsomnii.de\/w7\/wp-json\/wp\/v2\/types\/post"}],"author":[{"embeddable":true,"href":"http:\/\/cms.mtsomnii.de\/w7\/wp-json\/wp\/v2\/users\/5"}],"replies":[{"embeddable":true,"href":"http:\/\/cms.mtsomnii.de\/w7\/wp-json\/wp\/v2\/comments?post=4268"}],"version-history":[{"count":0,"href":"http:\/\/cms.mtsomnii.de\/w7\/wp-json\/wp\/v2\/posts\/4268\/revisions"}],"wp:attachment":[{"href":"http:\/\/cms.mtsomnii.de\/w7\/wp-json\/wp\/v2\/media?parent=4268"}],"wp:term":[{"taxonomy":"category","embeddable":true,"href":"http:\/\/cms.mtsomnii.de\/w7\/wp-json\/wp\/v2\/categories?post=4268"},{"taxonomy":"post_tag","embeddable":true,"href":"http:\/\/cms.mtsomnii.de\/w7\/wp-json\/wp\/v2\/tags?post=4268"}],"curies":[{"name":"wp","href":"https:\/\/api.w.org\/{rel}","templated":true}]}}