{"id":4281,"date":"2021-02-17T09:00:00","date_gmt":"2021-02-17T08:00:00","guid":{"rendered":"http:\/\/cms.mtsomnii.de\/w7\/kreisbote-gap\/mann-geht-auf-helfende-rettungskraefte-los-90207314-html-4281\/"},"modified":"2021-02-17T09:00:00","modified_gmt":"2021-02-17T08:00:00","slug":"mann-geht-auf-helfende-rettungskraefte-los-90207314-html","status":"publish","type":"post","link":"http:\/\/cms.mtsomnii.de\/w7\/kreisbote-gap\/mann-geht-auf-helfende-rettungskraefte-los-90207314-html-4281\/","title":{"rendered":"Mann geht auf helfende Rettungskr\u00e4fte los"},"content":{"rendered":"<div>GAP \u2013 Ein Kunde in der Lidl-Filiale an der Olympia Stra\u00dfe ist am gestrigen Dienstagnachmittag pl\u00f6tzlich zusammengebrochen und zog sich dabei eine Kopfplatzwunde zu. Sofort wurde der Rettungsdienst verst\u00e4ndigt, um dem Mann zu helfen. Doch kurz nach dem Eintreffen der Rettungskr\u00e4fte rastete der Mann v\u00f6llig aus und griff die Helfer t\u00e4tlich an. Letztlich musste die Polizei gerufen werden, um die Rettungskr\u00e4fte vor weiteren \u00dcbergriffen zu sch\u00fctzen. Der 32-j\u00e4hrige Mann aus Mittenwald wurde schlie\u00dflich zur weiteren Behandlung in das Klinikum Garmisch-Partenkirchen verbracht. Er muss sich nun unter anderem wegen K\u00f6rperverletzung und Widerstand gegen Vollstreckungsbeamte verantworten.\u00a0kb<\/div>\n","protected":false},"excerpt":{"rendered":"<p>GAP \u2013 Ein Kunde in der Lidl-Filiale an der Olympia Stra\u00dfe ist am gestrigen Dienstagnachmittag pl\u00f6tzlich zusammengebrochen und zog sich dabei eine Kopfplatzwunde zu. Sofort wurde der Rettungsdienst verst\u00e4ndigt, um dem Mann zu helfen. Doch kurz nach dem Eintreffen der Rettungskr\u00e4fte rastete der Mann v\u00f6llig aus und griff die Helfer t\u00e4tlich an. Letztlich musste die Polizei gerufen werden, um die<\/p>\n","protected":false},"author":4,"featured_media":0,"comment_status":"closed","ping_status":"open","sticky":false,"template":"","format":"standard","meta":[],"categories":[2],"tags":[],"_links":{"self":[{"href":"http:\/\/cms.mtsomnii.de\/w7\/wp-json\/wp\/v2\/posts\/4281"}],"collection":[{"href":"http:\/\/cms.mtsomnii.de\/w7\/wp-json\/wp\/v2\/posts"}],"about":[{"href":"http:\/\/cms.mtsomnii.de\/w7\/wp-json\/wp\/v2\/types\/post"}],"author":[{"embeddable":true,"href":"http:\/\/cms.mtsomnii.de\/w7\/wp-json\/wp\/v2\/users\/4"}],"replies":[{"embeddable":true,"href":"http:\/\/cms.mtsomnii.de\/w7\/wp-json\/wp\/v2\/comments?post=4281"}],"version-history":[{"count":0,"href":"http:\/\/cms.mtsomnii.de\/w7\/wp-json\/wp\/v2\/posts\/4281\/revisions"}],"wp:attachment":[{"href":"http:\/\/cms.mtsomnii.de\/w7\/wp-json\/wp\/v2\/media?parent=4281"}],"wp:term":[{"taxonomy":"category","embeddable":true,"href":"http:\/\/cms.mtsomnii.de\/w7\/wp-json\/wp\/v2\/categories?post=4281"},{"taxonomy":"post_tag","embeddable":true,"href":"http:\/\/cms.mtsomnii.de\/w7\/wp-json\/wp\/v2\/tags?post=4281"}],"curies":[{"name":"wp","href":"https:\/\/api.w.org\/{rel}","templated":true}]}}