{"id":4283,"date":"2021-02-18T10:00:00","date_gmt":"2021-02-18T09:00:00","guid":{"rendered":"http:\/\/cms.mtsomnii.de\/w7\/kreisbote-gap\/debatte-um-moeglichen-nationalpark-in-den-ammergauer-alpen-90206160-html-4283\/"},"modified":"2021-02-18T10:00:00","modified_gmt":"2021-02-18T09:00:00","slug":"debatte-um-moeglichen-nationalpark-in-den-ammergauer-alpen-90206160-html","status":"publish","type":"post","link":"http:\/\/cms.mtsomnii.de\/w7\/kreisbote-gap\/debatte-um-moeglichen-nationalpark-in-den-ammergauer-alpen-90206160-html-4283\/","title":{"rendered":"Debatte um m\u00f6glichen Nationalpark in den Ammergauer Alpen"},"content":{"rendered":"<div>Region \/ M\u00fcnchen \u2013 Die Entscheidung der Koalition aus CSU und Freien W\u00e4hlern, in dieser Legislaturperiode keinen dritten Nationalpark zu gr\u00fcnden, war l\u00e4ngst gefallen. Doch das Thema um einen m\u00f6glichen Nationalpark in den Ammergauer Alpen hat vor kurzem noch einmal Fahrt aufgenommen: Eine Umfrage der Gr\u00fcnen hat ergeben, dass eine Mehrheit der Befragten in den Landkreisen Ostallg\u00e4u,Weilheim-Schongau und Garmisch-Partenkirchen einen Nationalpark zwischen Mittenwald und F\u00fcssen bef\u00fcrwortet.<\/div>\n","protected":false},"excerpt":{"rendered":"<p>Region \/ M\u00fcnchen \u2013 Die Entscheidung der Koalition aus CSU und Freien W\u00e4hlern, in dieser Legislaturperiode keinen dritten Nationalpark zu gr\u00fcnden, war l\u00e4ngst gefallen. Doch das Thema um einen m\u00f6glichen Nationalpark in den Ammergauer Alpen hat vor kurzem noch einmal Fahrt aufgenommen: Eine Umfrage der Gr\u00fcnen hat ergeben, dass eine Mehrheit der Befragten in den Landkreisen Ostallg\u00e4u,Weilheim-Schongau und Garmisch-Partenkirchen einen<\/p>\n","protected":false},"author":4,"featured_media":0,"comment_status":"closed","ping_status":"open","sticky":false,"template":"","format":"standard","meta":[],"categories":[2],"tags":[],"_links":{"self":[{"href":"http:\/\/cms.mtsomnii.de\/w7\/wp-json\/wp\/v2\/posts\/4283"}],"collection":[{"href":"http:\/\/cms.mtsomnii.de\/w7\/wp-json\/wp\/v2\/posts"}],"about":[{"href":"http:\/\/cms.mtsomnii.de\/w7\/wp-json\/wp\/v2\/types\/post"}],"author":[{"embeddable":true,"href":"http:\/\/cms.mtsomnii.de\/w7\/wp-json\/wp\/v2\/users\/4"}],"replies":[{"embeddable":true,"href":"http:\/\/cms.mtsomnii.de\/w7\/wp-json\/wp\/v2\/comments?post=4283"}],"version-history":[{"count":0,"href":"http:\/\/cms.mtsomnii.de\/w7\/wp-json\/wp\/v2\/posts\/4283\/revisions"}],"wp:attachment":[{"href":"http:\/\/cms.mtsomnii.de\/w7\/wp-json\/wp\/v2\/media?parent=4283"}],"wp:term":[{"taxonomy":"category","embeddable":true,"href":"http:\/\/cms.mtsomnii.de\/w7\/wp-json\/wp\/v2\/categories?post=4283"},{"taxonomy":"post_tag","embeddable":true,"href":"http:\/\/cms.mtsomnii.de\/w7\/wp-json\/wp\/v2\/tags?post=4283"}],"curies":[{"name":"wp","href":"https:\/\/api.w.org\/{rel}","templated":true}]}}