{"id":4303,"date":"2021-02-21T12:00:00","date_gmt":"2021-02-21T11:00:00","guid":{"rendered":"http:\/\/cms.mtsomnii.de\/w7\/merkur-de-gap\/ein-grosser-wurf-90211811-html-4303\/"},"modified":"2021-02-21T12:00:00","modified_gmt":"2021-02-21T11:00:00","slug":"ein-grosser-wurf-90211811-html","status":"publish","type":"post","link":"http:\/\/cms.mtsomnii.de\/w7\/merkur-de-gap\/ein-grosser-wurf-90211811-html-4303\/","title":{"rendered":"Ein gro\u00dfer Wurf: Bima plant in Murnau umfangreiches Wohnbauprojekt"},"content":{"rendered":"<div>Die Bundesanstalt f\u00fcr Immobilienaufgaben, kurz Bima, will in Murnau viel neuen Wohnraum schaffen. Wie das aussehen k\u00f6nnte, haben zwei Architekturb\u00fcros am Donnerstag im Marktgemeinderat gezeigt.<\/div>\n","protected":false},"excerpt":{"rendered":"<p>Die Bundesanstalt f\u00fcr Immobilienaufgaben, kurz Bima, will in Murnau viel neuen Wohnraum schaffen. Wie das aussehen k\u00f6nnte, haben zwei Architekturb\u00fcros am Donnerstag im Marktgemeinderat gezeigt.<\/p>\n","protected":false},"author":5,"featured_media":0,"comment_status":"closed","ping_status":"open","sticky":false,"template":"","format":"standard","meta":[],"categories":[5],"tags":[],"_links":{"self":[{"href":"http:\/\/cms.mtsomnii.de\/w7\/wp-json\/wp\/v2\/posts\/4303"}],"collection":[{"href":"http:\/\/cms.mtsomnii.de\/w7\/wp-json\/wp\/v2\/posts"}],"about":[{"href":"http:\/\/cms.mtsomnii.de\/w7\/wp-json\/wp\/v2\/types\/post"}],"author":[{"embeddable":true,"href":"http:\/\/cms.mtsomnii.de\/w7\/wp-json\/wp\/v2\/users\/5"}],"replies":[{"embeddable":true,"href":"http:\/\/cms.mtsomnii.de\/w7\/wp-json\/wp\/v2\/comments?post=4303"}],"version-history":[{"count":0,"href":"http:\/\/cms.mtsomnii.de\/w7\/wp-json\/wp\/v2\/posts\/4303\/revisions"}],"wp:attachment":[{"href":"http:\/\/cms.mtsomnii.de\/w7\/wp-json\/wp\/v2\/media?parent=4303"}],"wp:term":[{"taxonomy":"category","embeddable":true,"href":"http:\/\/cms.mtsomnii.de\/w7\/wp-json\/wp\/v2\/categories?post=4303"},{"taxonomy":"post_tag","embeddable":true,"href":"http:\/\/cms.mtsomnii.de\/w7\/wp-json\/wp\/v2\/tags?post=4303"}],"curies":[{"name":"wp","href":"https:\/\/api.w.org\/{rel}","templated":true}]}}