{"id":4325,"date":"2021-02-22T11:00:00","date_gmt":"2021-02-22T10:00:00","guid":{"rendered":"http:\/\/cms.mtsomnii.de\/w7\/kreisbote-gap\/neugestaltung-der-olympiastrasse-in-garmisch-partenkirchen-90213652-html-4325\/"},"modified":"2021-02-22T11:00:00","modified_gmt":"2021-02-22T10:00:00","slug":"neugestaltung-der-olympiastrasse-in-garmisch-partenkirchen-90213652-html","status":"publish","type":"post","link":"http:\/\/cms.mtsomnii.de\/w7\/kreisbote-gap\/neugestaltung-der-olympiastrasse-in-garmisch-partenkirchen-90213652-html-4325\/","title":{"rendered":"Neugestaltung der Olympiastra\u00dfe in Garmisch-Partenkirchen"},"content":{"rendered":"<div>GAP \u2013 Die Olympiastra\u00dfe ist eine wichtige Verbindungsachse zwischen Garmisch und Partenkirchen. Insgesamt 3,1 Millionen Euro werden f\u00fcr ihre umfassende Sanierung investiert und bereits jetzt hat die Stra\u00dfe ihr Erscheinungsbild stark ver\u00e4ndert. Die Bauarbeiten f\u00fcr den ersten Abschnitt von der St.-Martin  bis zur Chamonixstra\u00dfe zogen sich lange Monate hin und forderten viel Geduld von den Anwohnern. Ab Mitte M\u00e4rz wird nun der zweite und damit auch letzte Abschnitt realisiert.<\/div>\n","protected":false},"excerpt":{"rendered":"<p>GAP \u2013 Die Olympiastra\u00dfe ist eine wichtige Verbindungsachse zwischen Garmisch und Partenkirchen. Insgesamt 3,1 Millionen Euro werden f\u00fcr ihre umfassende Sanierung investiert und bereits jetzt hat die Stra\u00dfe ihr Erscheinungsbild stark ver\u00e4ndert. Die Bauarbeiten f\u00fcr den ersten Abschnitt von der St.-Martin bis zur Chamonixstra\u00dfe zogen sich lange Monate hin und forderten viel Geduld von den Anwohnern. Ab Mitte M\u00e4rz wird<\/p>\n","protected":false},"author":4,"featured_media":0,"comment_status":"closed","ping_status":"open","sticky":false,"template":"","format":"standard","meta":[],"categories":[2],"tags":[],"_links":{"self":[{"href":"http:\/\/cms.mtsomnii.de\/w7\/wp-json\/wp\/v2\/posts\/4325"}],"collection":[{"href":"http:\/\/cms.mtsomnii.de\/w7\/wp-json\/wp\/v2\/posts"}],"about":[{"href":"http:\/\/cms.mtsomnii.de\/w7\/wp-json\/wp\/v2\/types\/post"}],"author":[{"embeddable":true,"href":"http:\/\/cms.mtsomnii.de\/w7\/wp-json\/wp\/v2\/users\/4"}],"replies":[{"embeddable":true,"href":"http:\/\/cms.mtsomnii.de\/w7\/wp-json\/wp\/v2\/comments?post=4325"}],"version-history":[{"count":0,"href":"http:\/\/cms.mtsomnii.de\/w7\/wp-json\/wp\/v2\/posts\/4325\/revisions"}],"wp:attachment":[{"href":"http:\/\/cms.mtsomnii.de\/w7\/wp-json\/wp\/v2\/media?parent=4325"}],"wp:term":[{"taxonomy":"category","embeddable":true,"href":"http:\/\/cms.mtsomnii.de\/w7\/wp-json\/wp\/v2\/categories?post=4325"},{"taxonomy":"post_tag","embeddable":true,"href":"http:\/\/cms.mtsomnii.de\/w7\/wp-json\/wp\/v2\/tags?post=4325"}],"curies":[{"name":"wp","href":"https:\/\/api.w.org\/{rel}","templated":true}]}}