{"id":4326,"date":"2021-02-22T11:00:00","date_gmt":"2021-02-22T10:00:00","guid":{"rendered":"http:\/\/cms.mtsomnii.de\/w7\/kreisbote-gap\/storchenpaar-bezieht-seinen-horst-auf-der-emanuel-von-seidl-schule-storchenpaar-in-murnau-90213612-html-4326\/"},"modified":"2021-02-22T11:00:00","modified_gmt":"2021-02-22T10:00:00","slug":"storchenpaar-bezieht-seinen-horst-auf-der-emanuel-von-seidl-schule-storchenpaar-in-murnau-90213612-html","status":"publish","type":"post","link":"http:\/\/cms.mtsomnii.de\/w7\/kreisbote-gap\/storchenpaar-bezieht-seinen-horst-auf-der-emanuel-von-seidl-schule-storchenpaar-in-murnau-90213612-html-4326\/","title":{"rendered":"Fr\u00fchling kehrt ein"},"content":{"rendered":"<div>Murnau &#8211; Am Freitag war es soweit, ein Storchenpaar bezog den Horst auf der Emanuel-von-Seidl-Schule in Murnau. Besser konnte die Ankunft nicht laufen, Sonnenschein und laue 12\u00b0 Celsius herrschten in der Marktgemeinde am Freitagnachmittag. Am Anfang wurde der Horst erst einmal genau inspiziert. Nach der Begutachtung wurde es sich in der neuen Herberge gem\u00fctlich gemacht. \u201eDie Tiere haben mit sehr hoher Wahrscheinlichkeit in Deutschland, Spanien oder sogar im Elsass \u00fcberwintert, die Tiere aus Afrika werden in den kommenden Wochen folgen\u201c, so Michael Sch\u00f6dl vom Landesbund f\u00fcr Vogelschutz. Ein Tier tr\u00e4gt eine Markierung am Bein. Im Hintergrund stieg ein Hei\u00dfluftballon auf, unterhalb der St\u00f6rche spielten Kinder. Den St\u00f6rchen gef\u00e4llt\u2019s wohl \u00fcber den D\u00e4chern von Murnau.\u00a0   db<\/div>\n","protected":false},"excerpt":{"rendered":"<p>Murnau &#8211; Am Freitag war es soweit, ein Storchenpaar bezog den Horst auf der Emanuel-von-Seidl-Schule in Murnau. Besser konnte die Ankunft nicht laufen, Sonnenschein und laue 12\u00b0 Celsius herrschten in der Marktgemeinde am Freitagnachmittag. Am Anfang wurde der Horst erst einmal genau inspiziert. Nach der Begutachtung wurde es sich in der neuen Herberge gem\u00fctlich gemacht. \u201eDie Tiere haben mit sehr<\/p>\n","protected":false},"author":4,"featured_media":0,"comment_status":"closed","ping_status":"open","sticky":false,"template":"","format":"standard","meta":[],"categories":[2],"tags":[],"_links":{"self":[{"href":"http:\/\/cms.mtsomnii.de\/w7\/wp-json\/wp\/v2\/posts\/4326"}],"collection":[{"href":"http:\/\/cms.mtsomnii.de\/w7\/wp-json\/wp\/v2\/posts"}],"about":[{"href":"http:\/\/cms.mtsomnii.de\/w7\/wp-json\/wp\/v2\/types\/post"}],"author":[{"embeddable":true,"href":"http:\/\/cms.mtsomnii.de\/w7\/wp-json\/wp\/v2\/users\/4"}],"replies":[{"embeddable":true,"href":"http:\/\/cms.mtsomnii.de\/w7\/wp-json\/wp\/v2\/comments?post=4326"}],"version-history":[{"count":0,"href":"http:\/\/cms.mtsomnii.de\/w7\/wp-json\/wp\/v2\/posts\/4326\/revisions"}],"wp:attachment":[{"href":"http:\/\/cms.mtsomnii.de\/w7\/wp-json\/wp\/v2\/media?parent=4326"}],"wp:term":[{"taxonomy":"category","embeddable":true,"href":"http:\/\/cms.mtsomnii.de\/w7\/wp-json\/wp\/v2\/categories?post=4326"},{"taxonomy":"post_tag","embeddable":true,"href":"http:\/\/cms.mtsomnii.de\/w7\/wp-json\/wp\/v2\/tags?post=4326"}],"curies":[{"name":"wp","href":"https:\/\/api.w.org\/{rel}","templated":true}]}}