{"id":4405,"date":"2021-02-23T08:00:00","date_gmt":"2021-02-23T07:00:00","guid":{"rendered":"http:\/\/cms.mtsomnii.de\/w7\/merkur-de-gap\/widerstand-gegen-funkmast-90214641-html-4405\/"},"modified":"2021-02-23T08:00:00","modified_gmt":"2021-02-23T07:00:00","slug":"widerstand-gegen-funkmast-90214641-html","status":"publish","type":"post","link":"http:\/\/cms.mtsomnii.de\/w7\/merkur-de-gap\/widerstand-gegen-funkmast-90214641-html-4405\/","title":{"rendered":"Geplanter Funkmast: Anwohner gehen auf die Barrikaden"},"content":{"rendered":"<div>Der geplante Mast f\u00fcr den Beh\u00f6rdenfunk am Maria-Antonien-Weg in Murnau treibt Anwohner auf die Barrikaden. Zwar ist der Standort Hochbeh\u00e4lter nur als Interimsl\u00f6sung gedacht. Doch Anlieger bef\u00fcrchten, dass die Konstruktion dauerhaft dort bleiben wird.<\/div>\n","protected":false},"excerpt":{"rendered":"<p>Der geplante Mast f\u00fcr den Beh\u00f6rdenfunk am Maria-Antonien-Weg in Murnau treibt Anwohner auf die Barrikaden. Zwar ist der Standort Hochbeh\u00e4lter nur als Interimsl\u00f6sung gedacht. Doch Anlieger bef\u00fcrchten, dass die Konstruktion dauerhaft dort bleiben wird.<\/p>\n","protected":false},"author":5,"featured_media":0,"comment_status":"closed","ping_status":"open","sticky":false,"template":"","format":"standard","meta":[],"categories":[5],"tags":[],"_links":{"self":[{"href":"http:\/\/cms.mtsomnii.de\/w7\/wp-json\/wp\/v2\/posts\/4405"}],"collection":[{"href":"http:\/\/cms.mtsomnii.de\/w7\/wp-json\/wp\/v2\/posts"}],"about":[{"href":"http:\/\/cms.mtsomnii.de\/w7\/wp-json\/wp\/v2\/types\/post"}],"author":[{"embeddable":true,"href":"http:\/\/cms.mtsomnii.de\/w7\/wp-json\/wp\/v2\/users\/5"}],"replies":[{"embeddable":true,"href":"http:\/\/cms.mtsomnii.de\/w7\/wp-json\/wp\/v2\/comments?post=4405"}],"version-history":[{"count":0,"href":"http:\/\/cms.mtsomnii.de\/w7\/wp-json\/wp\/v2\/posts\/4405\/revisions"}],"wp:attachment":[{"href":"http:\/\/cms.mtsomnii.de\/w7\/wp-json\/wp\/v2\/media?parent=4405"}],"wp:term":[{"taxonomy":"category","embeddable":true,"href":"http:\/\/cms.mtsomnii.de\/w7\/wp-json\/wp\/v2\/categories?post=4405"},{"taxonomy":"post_tag","embeddable":true,"href":"http:\/\/cms.mtsomnii.de\/w7\/wp-json\/wp\/v2\/tags?post=4405"}],"curies":[{"name":"wp","href":"https:\/\/api.w.org\/{rel}","templated":true}]}}