{"id":4406,"date":"2021-02-23T10:05:00","date_gmt":"2021-02-23T09:05:00","guid":{"rendered":"http:\/\/cms.mtsomnii.de\/w7\/kreisbote-gap\/coronavirus-landkreis-garmisch-partenkirchen-90089884-html-2-4406\/"},"modified":"2021-02-23T10:05:00","modified_gmt":"2021-02-23T09:05:00","slug":"coronavirus-landkreis-garmisch-partenkirchen-90089884-html-2","status":"publish","type":"post","link":"http:\/\/cms.mtsomnii.de\/w7\/kreisbote-gap\/coronavirus-landkreis-garmisch-partenkirchen-90089884-html-2-4406\/","title":{"rendered":"Inzidenz bleibt Dreh- und Angelpunkt unseres Alltags"},"content":{"rendered":"<div>Landkreis GAP  \u2012  Die 7-Tage-Inzidenz bleibt der Dreh- und Angelpunkt unseres Alltags. Am vergangenen Wochenende war der Wert im Landkreis Garmisch-Partenkirchen unter 30 gesunken &#8211; inzwischen pendelt er sich zwischen 45 und 50 ein. Wenn die Inzidenz f\u00fcr mehrere Tage unter 35 sinkt, sind von der Politik weitere Lockerungen f\u00fcr Handel und bei einem stabilen Wert auch f\u00fcr die Gastronomie vorgesehen. Kritiker mahnen, dass man an dieser Zahl allein nicht alles festmachen k\u00f6nne und fordern eine Schnelltest-Offensive.<br \/>\nEine erste \u00d6ffnung betrifft derzeit Schulen und Kitas. Nach vielen Wochen Homeschooling und Lernen zu Hause hat zum Beispiel f\u00fcr die Grundsch\u00fcler wieder der Pr\u00e4senzunterricht begonnen. Inwieweit die Schul- und Kita-\u00d6ffnungen, die nun in zehn Bundesl\u00e4ndern greifen, eine Auswirkung auf das Infektionsgeschehen haben, bleibt abzuwarten. Erst nach zehn bis 14 Tagen wird man hierzu verl\u00e4ssliche Zahlen haben.<\/div>\n","protected":false},"excerpt":{"rendered":"<p>Landkreis GAP \u2012 Die 7-Tage-Inzidenz bleibt der Dreh- und Angelpunkt unseres Alltags. Am vergangenen Wochenende war der Wert im Landkreis Garmisch-Partenkirchen unter 30 gesunken &#8211; inzwischen pendelt er sich zwischen 45 und 50 ein. Wenn die Inzidenz f\u00fcr mehrere Tage unter 35 sinkt, sind von der Politik weitere Lockerungen f\u00fcr Handel und bei einem stabilen Wert auch f\u00fcr die Gastronomie<\/p>\n","protected":false},"author":4,"featured_media":0,"comment_status":"closed","ping_status":"open","sticky":false,"template":"","format":"standard","meta":[],"categories":[2],"tags":[],"_links":{"self":[{"href":"http:\/\/cms.mtsomnii.de\/w7\/wp-json\/wp\/v2\/posts\/4406"}],"collection":[{"href":"http:\/\/cms.mtsomnii.de\/w7\/wp-json\/wp\/v2\/posts"}],"about":[{"href":"http:\/\/cms.mtsomnii.de\/w7\/wp-json\/wp\/v2\/types\/post"}],"author":[{"embeddable":true,"href":"http:\/\/cms.mtsomnii.de\/w7\/wp-json\/wp\/v2\/users\/4"}],"replies":[{"embeddable":true,"href":"http:\/\/cms.mtsomnii.de\/w7\/wp-json\/wp\/v2\/comments?post=4406"}],"version-history":[{"count":0,"href":"http:\/\/cms.mtsomnii.de\/w7\/wp-json\/wp\/v2\/posts\/4406\/revisions"}],"wp:attachment":[{"href":"http:\/\/cms.mtsomnii.de\/w7\/wp-json\/wp\/v2\/media?parent=4406"}],"wp:term":[{"taxonomy":"category","embeddable":true,"href":"http:\/\/cms.mtsomnii.de\/w7\/wp-json\/wp\/v2\/categories?post=4406"},{"taxonomy":"post_tag","embeddable":true,"href":"http:\/\/cms.mtsomnii.de\/w7\/wp-json\/wp\/v2\/tags?post=4406"}],"curies":[{"name":"wp","href":"https:\/\/api.w.org\/{rel}","templated":true}]}}