{"id":4407,"date":"2021-02-23T12:00:00","date_gmt":"2021-02-23T11:00:00","guid":{"rendered":"http:\/\/cms.mtsomnii.de\/w7\/merkur-de-gap\/gastgewerbe-klares-ja-zur-ski-wm-2027-90214613-html-4407\/"},"modified":"2021-02-23T12:00:00","modified_gmt":"2021-02-23T11:00:00","slug":"gastgewerbe-klares-ja-zur-ski-wm-2027-90214613-html","status":"publish","type":"post","link":"http:\/\/cms.mtsomnii.de\/w7\/merkur-de-gap\/gastgewerbe-klares-ja-zur-ski-wm-2027-90214613-html-4407\/","title":{"rendered":"Hotel- und Gastgewerbe: Klares Ja zur Ski-WM 2027"},"content":{"rendered":"<div>Soll sich Garmisch-Partenkirchen um die Ski-WM 2027 bewerben? Die politische Entscheidung in dieser wichtigen Frage steht noch aus. Doch f\u00fcr die Vertreter des Hotel- und Gastst\u00e4ttenverbandes ist die Antwort klar: Sie w\u00fcrden es begr\u00fc\u00dfen, wenn der weltbekannte Tourismusort erneut den Hut in den Ring wirft. Die Chancen f\u00fcr die gesamte Region w\u00e4ren enorm, so der Tenor.<\/div>\n","protected":false},"excerpt":{"rendered":"<p>Soll sich Garmisch-Partenkirchen um die Ski-WM 2027 bewerben? Die politische Entscheidung in dieser wichtigen Frage steht noch aus. Doch f\u00fcr die Vertreter des Hotel- und Gastst\u00e4ttenverbandes ist die Antwort klar: Sie w\u00fcrden es begr\u00fc\u00dfen, wenn der weltbekannte Tourismusort erneut den Hut in den Ring wirft. Die Chancen f\u00fcr die gesamte Region w\u00e4ren enorm, so der Tenor.<\/p>\n","protected":false},"author":5,"featured_media":0,"comment_status":"closed","ping_status":"open","sticky":false,"template":"","format":"standard","meta":[],"categories":[5],"tags":[],"_links":{"self":[{"href":"http:\/\/cms.mtsomnii.de\/w7\/wp-json\/wp\/v2\/posts\/4407"}],"collection":[{"href":"http:\/\/cms.mtsomnii.de\/w7\/wp-json\/wp\/v2\/posts"}],"about":[{"href":"http:\/\/cms.mtsomnii.de\/w7\/wp-json\/wp\/v2\/types\/post"}],"author":[{"embeddable":true,"href":"http:\/\/cms.mtsomnii.de\/w7\/wp-json\/wp\/v2\/users\/5"}],"replies":[{"embeddable":true,"href":"http:\/\/cms.mtsomnii.de\/w7\/wp-json\/wp\/v2\/comments?post=4407"}],"version-history":[{"count":0,"href":"http:\/\/cms.mtsomnii.de\/w7\/wp-json\/wp\/v2\/posts\/4407\/revisions"}],"wp:attachment":[{"href":"http:\/\/cms.mtsomnii.de\/w7\/wp-json\/wp\/v2\/media?parent=4407"}],"wp:term":[{"taxonomy":"category","embeddable":true,"href":"http:\/\/cms.mtsomnii.de\/w7\/wp-json\/wp\/v2\/categories?post=4407"},{"taxonomy":"post_tag","embeddable":true,"href":"http:\/\/cms.mtsomnii.de\/w7\/wp-json\/wp\/v2\/tags?post=4407"}],"curies":[{"name":"wp","href":"https:\/\/api.w.org\/{rel}","templated":true}]}}