{"id":4411,"date":"2021-02-23T15:00:00","date_gmt":"2021-02-23T14:00:00","guid":{"rendered":"http:\/\/cms.mtsomnii.de\/w7\/kreisbote-gap\/muenchner-stuerzte-bei-wanderung-in-mittenwald-toedlich-ab-90215771-html-4411\/"},"modified":"2021-02-23T15:00:00","modified_gmt":"2021-02-23T14:00:00","slug":"muenchner-stuerzte-bei-wanderung-in-mittenwald-toedlich-ab-90215771-html","status":"publish","type":"post","link":"http:\/\/cms.mtsomnii.de\/w7\/kreisbote-gap\/muenchner-stuerzte-bei-wanderung-in-mittenwald-toedlich-ab-90215771-html-4411\/","title":{"rendered":"Vermisster Bergwanderer konnte nur noch tot aufgefunden werden"},"content":{"rendered":"<div>Mittenwald &#8211; Gestern Abend, am 22. Februar, erstatteten die Angeh\u00f6rigen eines 30-j\u00e4hrigen M\u00fcnchners bei einer Polizeidienststelle in M\u00fcnchen Vermisstenanzeige. Der junge Mann war am Samstag, den 20. Februar mit dem Zug zu einer Bergwanderung aufgebrochen und hatte an diesem Tag letztmals Kontakt zu seiner Familie. Sein genaues Ziel war zun\u00e4chst nicht bekannt. \u00dcber einen Bekannten konnte heute Vormittag schlie\u00dflich in Erfahrung gebracht werden, dass der 30-j\u00e4hrige evtl. zur Mittenwalder H\u00fctte und zum Gamseck im Karwendelgebirge bei Mittenwald gehen wollte. W\u00e4hrend der eingeleiteten Suchaktion unter Beteiligung von Beamten der Alpinen Einsatzgruppe der Polizei, der Bergwacht Mittenwald und einem Polizeihubschrauber wurde der Mann leblos im Bereich der Arzgrube aufgefunden. Nach ersten Erkenntnissen st\u00fcrzte der Mann aus Richtung Gamseck \u00fcber schroffes Felsengel\u00e4nde ab. Die weiteren Ermittlungen zur genauen Unfallursache hat ein Beamter der Alpinen Einsatzgruppe \u00fcbernommen.   kb<\/div>\n","protected":false},"excerpt":{"rendered":"<p>Mittenwald &#8211; Gestern Abend, am 22. Februar, erstatteten die Angeh\u00f6rigen eines 30-j\u00e4hrigen M\u00fcnchners bei einer Polizeidienststelle in M\u00fcnchen Vermisstenanzeige. Der junge Mann war am Samstag, den 20. Februar mit dem Zug zu einer Bergwanderung aufgebrochen und hatte an diesem Tag letztmals Kontakt zu seiner Familie. Sein genaues Ziel war zun\u00e4chst nicht bekannt. \u00dcber einen Bekannten konnte heute Vormittag schlie\u00dflich in<\/p>\n","protected":false},"author":4,"featured_media":0,"comment_status":"closed","ping_status":"open","sticky":false,"template":"","format":"standard","meta":[],"categories":[2],"tags":[],"_links":{"self":[{"href":"http:\/\/cms.mtsomnii.de\/w7\/wp-json\/wp\/v2\/posts\/4411"}],"collection":[{"href":"http:\/\/cms.mtsomnii.de\/w7\/wp-json\/wp\/v2\/posts"}],"about":[{"href":"http:\/\/cms.mtsomnii.de\/w7\/wp-json\/wp\/v2\/types\/post"}],"author":[{"embeddable":true,"href":"http:\/\/cms.mtsomnii.de\/w7\/wp-json\/wp\/v2\/users\/4"}],"replies":[{"embeddable":true,"href":"http:\/\/cms.mtsomnii.de\/w7\/wp-json\/wp\/v2\/comments?post=4411"}],"version-history":[{"count":0,"href":"http:\/\/cms.mtsomnii.de\/w7\/wp-json\/wp\/v2\/posts\/4411\/revisions"}],"wp:attachment":[{"href":"http:\/\/cms.mtsomnii.de\/w7\/wp-json\/wp\/v2\/media?parent=4411"}],"wp:term":[{"taxonomy":"category","embeddable":true,"href":"http:\/\/cms.mtsomnii.de\/w7\/wp-json\/wp\/v2\/categories?post=4411"},{"taxonomy":"post_tag","embeddable":true,"href":"http:\/\/cms.mtsomnii.de\/w7\/wp-json\/wp\/v2\/tags?post=4411"}],"curies":[{"name":"wp","href":"https:\/\/api.w.org\/{rel}","templated":true}]}}