{"id":4412,"date":"2021-02-23T16:00:00","date_gmt":"2021-02-23T15:00:00","guid":{"rendered":"http:\/\/cms.mtsomnii.de\/w7\/kreisbote-gap\/murnauer-kinderbasar-findet-in-coronazeiten-virtuell-statt-90215528-html-4412\/"},"modified":"2021-02-23T16:00:00","modified_gmt":"2021-02-23T15:00:00","slug":"murnauer-kinderbasar-findet-in-coronazeiten-virtuell-statt-90215528-html","status":"publish","type":"post","link":"http:\/\/cms.mtsomnii.de\/w7\/kreisbote-gap\/murnauer-kinderbasar-findet-in-coronazeiten-virtuell-statt-90215528-html-4412\/","title":{"rendered":"Ab sofort online"},"content":{"rendered":"<div>Murnau \u2013 Normalerweise organisiert die Basargruppe der Pfarrei St. Nikolaus den Kindersachenbasar in Murnau. Aufgrund der Pandemie darf dieser aber nicht in seiner gewohnten Form stattfinden. Lange Zeit \u00fcberlegten sich die ehrenamtlichen Helferinnen, wie sie einen Basar f\u00fcr Kindersachen Covid-konform abhalten k\u00f6nnen. Nicht nur den Murnauern geht es so, viele Basare in ganz Deutschland k\u00f6nnen nicht stattfinden.<\/div>\n","protected":false},"excerpt":{"rendered":"<p>Murnau \u2013 Normalerweise organisiert die Basargruppe der Pfarrei St. Nikolaus den Kindersachenbasar in Murnau. Aufgrund der Pandemie darf dieser aber nicht in seiner gewohnten Form stattfinden. Lange Zeit \u00fcberlegten sich die ehrenamtlichen Helferinnen, wie sie einen Basar f\u00fcr Kindersachen Covid-konform abhalten k\u00f6nnen. Nicht nur den Murnauern geht es so, viele Basare in ganz Deutschland k\u00f6nnen nicht stattfinden.<\/p>\n","protected":false},"author":4,"featured_media":0,"comment_status":"closed","ping_status":"open","sticky":false,"template":"","format":"standard","meta":[],"categories":[2],"tags":[],"_links":{"self":[{"href":"http:\/\/cms.mtsomnii.de\/w7\/wp-json\/wp\/v2\/posts\/4412"}],"collection":[{"href":"http:\/\/cms.mtsomnii.de\/w7\/wp-json\/wp\/v2\/posts"}],"about":[{"href":"http:\/\/cms.mtsomnii.de\/w7\/wp-json\/wp\/v2\/types\/post"}],"author":[{"embeddable":true,"href":"http:\/\/cms.mtsomnii.de\/w7\/wp-json\/wp\/v2\/users\/4"}],"replies":[{"embeddable":true,"href":"http:\/\/cms.mtsomnii.de\/w7\/wp-json\/wp\/v2\/comments?post=4412"}],"version-history":[{"count":0,"href":"http:\/\/cms.mtsomnii.de\/w7\/wp-json\/wp\/v2\/posts\/4412\/revisions"}],"wp:attachment":[{"href":"http:\/\/cms.mtsomnii.de\/w7\/wp-json\/wp\/v2\/media?parent=4412"}],"wp:term":[{"taxonomy":"category","embeddable":true,"href":"http:\/\/cms.mtsomnii.de\/w7\/wp-json\/wp\/v2\/categories?post=4412"},{"taxonomy":"post_tag","embeddable":true,"href":"http:\/\/cms.mtsomnii.de\/w7\/wp-json\/wp\/v2\/tags?post=4412"}],"curies":[{"name":"wp","href":"https:\/\/api.w.org\/{rel}","templated":true}]}}