{"id":4416,"date":"2021-02-22T12:00:00","date_gmt":"2021-02-22T11:00:00","guid":{"rendered":"http:\/\/cms.mtsomnii.de\/w7\/merkur-de-gap\/erinnerung-zum-anfassen-90212995-html-2-4416\/"},"modified":"2021-02-22T12:00:00","modified_gmt":"2021-02-22T11:00:00","slug":"erinnerung-zum-anfassen-90212995-html-2","status":"publish","type":"post","link":"http:\/\/cms.mtsomnii.de\/w7\/merkur-de-gap\/erinnerung-zum-anfassen-90212995-html-2-4416\/","title":{"rendered":"Wei\u00dfe Rose: Murnaus Mittelschule hofft auf Teile von geschichtstr\u00e4chtigem Zaun &#8211; es gibt Anfragen aus ganz Deutschland"},"content":{"rendered":"<div>Sie starben im Kampf gegen den Terror der Nationalsozialisten: Heute vor 78 Jahren wurde Christoph Probst zusammen mit Hans und Sophie Scholl in M\u00fcnchen-Stadelheim gek\u00f6pft. Die Erinnerung an die Widerstandsk\u00e4mpfer aber lebt weiter \u2013 auch in der Mittelschule Murnau. Sie tr\u00e4gt seit 2016 den Namen von Probst, der am Staffelsee geboren wurde. Das Gedenken an ihn k\u00f6nnte bald erweitert werden: um Zaunstelen, die historische Bedeutung haben.<\/div>\n","protected":false},"excerpt":{"rendered":"<p>Sie starben im Kampf gegen den Terror der Nationalsozialisten: Heute vor 78 Jahren wurde Christoph Probst zusammen mit Hans und Sophie Scholl in M\u00fcnchen-Stadelheim gek\u00f6pft. Die Erinnerung an die Widerstandsk\u00e4mpfer aber lebt weiter \u2013 auch in der Mittelschule Murnau. Sie tr\u00e4gt seit 2016 den Namen von Probst, der am Staffelsee geboren wurde. Das Gedenken an ihn k\u00f6nnte bald erweitert werden:<\/p>\n","protected":false},"author":5,"featured_media":0,"comment_status":"closed","ping_status":"open","sticky":false,"template":"","format":"standard","meta":[],"categories":[5],"tags":[],"_links":{"self":[{"href":"http:\/\/cms.mtsomnii.de\/w7\/wp-json\/wp\/v2\/posts\/4416"}],"collection":[{"href":"http:\/\/cms.mtsomnii.de\/w7\/wp-json\/wp\/v2\/posts"}],"about":[{"href":"http:\/\/cms.mtsomnii.de\/w7\/wp-json\/wp\/v2\/types\/post"}],"author":[{"embeddable":true,"href":"http:\/\/cms.mtsomnii.de\/w7\/wp-json\/wp\/v2\/users\/5"}],"replies":[{"embeddable":true,"href":"http:\/\/cms.mtsomnii.de\/w7\/wp-json\/wp\/v2\/comments?post=4416"}],"version-history":[{"count":0,"href":"http:\/\/cms.mtsomnii.de\/w7\/wp-json\/wp\/v2\/posts\/4416\/revisions"}],"wp:attachment":[{"href":"http:\/\/cms.mtsomnii.de\/w7\/wp-json\/wp\/v2\/media?parent=4416"}],"wp:term":[{"taxonomy":"category","embeddable":true,"href":"http:\/\/cms.mtsomnii.de\/w7\/wp-json\/wp\/v2\/categories?post=4416"},{"taxonomy":"post_tag","embeddable":true,"href":"http:\/\/cms.mtsomnii.de\/w7\/wp-json\/wp\/v2\/tags?post=4416"}],"curies":[{"name":"wp","href":"https:\/\/api.w.org\/{rel}","templated":true}]}}