{"id":4439,"date":"2021-02-22T18:00:00","date_gmt":"2021-02-22T17:00:00","guid":{"rendered":"http:\/\/cms.mtsomnii.de\/w7\/merkur-de-gap\/corona-lockdown-tourismus-in-gefahr-90214127-html-4-4439\/"},"modified":"2021-02-22T18:00:00","modified_gmt":"2021-02-22T17:00:00","slug":"corona-lockdown-tourismus-in-gefahr-90214127-html-4","status":"publish","type":"post","link":"http:\/\/cms.mtsomnii.de\/w7\/merkur-de-gap\/corona-lockdown-tourismus-in-gefahr-90214127-html-4-4439\/","title":{"rendered":"Corona-Lockdown \u201ezehrt sehr stark an den Nerven\u201c:  Zugspitz Region fragt bei Hotellerie und Gastronomie nach"},"content":{"rendered":"<div>Ein repr\u00e4sentatives Stimmungsbild, das verspricht sich die Zugspitz Region von der Umfrage, die derzeit unter Tourismusbetrieben l\u00e4uft. Die Daten sollen auch f\u00fcr Gespr\u00e4che mit der Landesregierung dienen.<\/div>\n","protected":false},"excerpt":{"rendered":"<p>Ein repr\u00e4sentatives Stimmungsbild, das verspricht sich die Zugspitz Region von der Umfrage, die derzeit unter Tourismusbetrieben l\u00e4uft. Die Daten sollen auch f\u00fcr Gespr\u00e4che mit der Landesregierung dienen.<\/p>\n","protected":false},"author":5,"featured_media":0,"comment_status":"closed","ping_status":"open","sticky":false,"template":"","format":"standard","meta":[],"categories":[5],"tags":[],"_links":{"self":[{"href":"http:\/\/cms.mtsomnii.de\/w7\/wp-json\/wp\/v2\/posts\/4439"}],"collection":[{"href":"http:\/\/cms.mtsomnii.de\/w7\/wp-json\/wp\/v2\/posts"}],"about":[{"href":"http:\/\/cms.mtsomnii.de\/w7\/wp-json\/wp\/v2\/types\/post"}],"author":[{"embeddable":true,"href":"http:\/\/cms.mtsomnii.de\/w7\/wp-json\/wp\/v2\/users\/5"}],"replies":[{"embeddable":true,"href":"http:\/\/cms.mtsomnii.de\/w7\/wp-json\/wp\/v2\/comments?post=4439"}],"version-history":[{"count":0,"href":"http:\/\/cms.mtsomnii.de\/w7\/wp-json\/wp\/v2\/posts\/4439\/revisions"}],"wp:attachment":[{"href":"http:\/\/cms.mtsomnii.de\/w7\/wp-json\/wp\/v2\/media?parent=4439"}],"wp:term":[{"taxonomy":"category","embeddable":true,"href":"http:\/\/cms.mtsomnii.de\/w7\/wp-json\/wp\/v2\/categories?post=4439"},{"taxonomy":"post_tag","embeddable":true,"href":"http:\/\/cms.mtsomnii.de\/w7\/wp-json\/wp\/v2\/tags?post=4439"}],"curies":[{"name":"wp","href":"https:\/\/api.w.org\/{rel}","templated":true}]}}