{"id":4462,"date":"2021-02-24T13:02:34","date_gmt":"2021-02-24T12:02:34","guid":{"rendered":"http:\/\/cms.mtsomnii.de\/w7\/merkur-de-gap\/mittenwald-gap-karwendelgebirge-bergwanderer-vermisst-suche-drama-polizei-90215923-html-2-4462\/"},"modified":"2021-02-24T13:02:34","modified_gmt":"2021-02-24T12:02:34","slug":"mittenwald-gap-karwendelgebirge-bergwanderer-vermisst-suche-drama-polizei-90215923-html-2","status":"publish","type":"post","link":"http:\/\/cms.mtsomnii.de\/w7\/merkur-de-gap\/mittenwald-gap-karwendelgebirge-bergwanderer-vermisst-suche-drama-polizei-90215923-html-2-4462\/","title":{"rendered":"M\u00fcnchner Wanderer vermisst: Suche nimmt tragisches Ende &#8211; f\u00fcr 30-J\u00e4hrigen kommt jede Hilfe zu sp\u00e4t"},"content":{"rendered":"<div>Traurige Gewissheit gibt es f\u00fcr die Familie eines vermissten Bergwanderers: Der 30-J\u00e4hrige konnte im Karwendelgebirge nur noch tot geborgen werden.\u00a0<\/div>\n","protected":false},"excerpt":{"rendered":"<p>Traurige Gewissheit gibt es f\u00fcr die Familie eines vermissten Bergwanderers: Der 30-J\u00e4hrige konnte im Karwendelgebirge nur noch tot geborgen werden.\u00a0<\/p>\n","protected":false},"author":5,"featured_media":0,"comment_status":"closed","ping_status":"open","sticky":false,"template":"","format":"standard","meta":[],"categories":[5],"tags":[],"_links":{"self":[{"href":"http:\/\/cms.mtsomnii.de\/w7\/wp-json\/wp\/v2\/posts\/4462"}],"collection":[{"href":"http:\/\/cms.mtsomnii.de\/w7\/wp-json\/wp\/v2\/posts"}],"about":[{"href":"http:\/\/cms.mtsomnii.de\/w7\/wp-json\/wp\/v2\/types\/post"}],"author":[{"embeddable":true,"href":"http:\/\/cms.mtsomnii.de\/w7\/wp-json\/wp\/v2\/users\/5"}],"replies":[{"embeddable":true,"href":"http:\/\/cms.mtsomnii.de\/w7\/wp-json\/wp\/v2\/comments?post=4462"}],"version-history":[{"count":0,"href":"http:\/\/cms.mtsomnii.de\/w7\/wp-json\/wp\/v2\/posts\/4462\/revisions"}],"wp:attachment":[{"href":"http:\/\/cms.mtsomnii.de\/w7\/wp-json\/wp\/v2\/media?parent=4462"}],"wp:term":[{"taxonomy":"category","embeddable":true,"href":"http:\/\/cms.mtsomnii.de\/w7\/wp-json\/wp\/v2\/categories?post=4462"},{"taxonomy":"post_tag","embeddable":true,"href":"http:\/\/cms.mtsomnii.de\/w7\/wp-json\/wp\/v2\/tags?post=4462"}],"curies":[{"name":"wp","href":"https:\/\/api.w.org\/{rel}","templated":true}]}}