{"id":4485,"date":"2021-02-26T09:00:00","date_gmt":"2021-02-26T08:00:00","guid":{"rendered":"http:\/\/cms.mtsomnii.de\/w7\/kreisbote-gap\/zwischen-spessart-und-karwendel-traudi-siferlinger-in-ohlstadt-90218456-html-2-4485\/"},"modified":"2021-02-26T09:00:00","modified_gmt":"2021-02-26T08:00:00","slug":"zwischen-spessart-und-karwendel-traudi-siferlinger-in-ohlstadt-90218456-html-2","status":"publish","type":"post","link":"http:\/\/cms.mtsomnii.de\/w7\/kreisbote-gap\/zwischen-spessart-und-karwendel-traudi-siferlinger-in-ohlstadt-90218456-html-2-4485\/","title":{"rendered":"Zwischen Spessart und Karwendel\u00a0"},"content":{"rendered":"<div>Ohlstadt &#8211; Wie geht\u2018s den Menschen in der schwierigen Zeit? Das fr\u00e4gt sich die Moderatorin des Bayerischen Rundfunks bei den Zaun-Gespr\u00e4chen. Diesmal machte Traudi Siferlinger Halt in Ohlstadt. Hier wurde sie schnell f\u00fcndig. Als sie das Wirtshaus der Familie Poschenrieder sah, war die Kulisse schon gefunden, f\u00fcr die musikalische Unterhaltung wurden Musikanten gesucht. Der Dorfbachst\u00fcberl-Wirt Manfred Poschenrieder telefonierte kurz und schon war die Band zusammengestellt.<\/div>\n","protected":false},"excerpt":{"rendered":"<p>Ohlstadt &#8211; Wie geht\u2018s den Menschen in der schwierigen Zeit? Das fr\u00e4gt sich die Moderatorin des Bayerischen Rundfunks bei den Zaun-Gespr\u00e4chen. Diesmal machte Traudi Siferlinger Halt in Ohlstadt. Hier wurde sie schnell f\u00fcndig. Als sie das Wirtshaus der Familie Poschenrieder sah, war die Kulisse schon gefunden, f\u00fcr die musikalische Unterhaltung wurden Musikanten gesucht. Der Dorfbachst\u00fcberl-Wirt Manfred Poschenrieder telefonierte kurz und<\/p>\n","protected":false},"author":4,"featured_media":0,"comment_status":"closed","ping_status":"open","sticky":false,"template":"","format":"standard","meta":[],"categories":[2],"tags":[],"_links":{"self":[{"href":"http:\/\/cms.mtsomnii.de\/w7\/wp-json\/wp\/v2\/posts\/4485"}],"collection":[{"href":"http:\/\/cms.mtsomnii.de\/w7\/wp-json\/wp\/v2\/posts"}],"about":[{"href":"http:\/\/cms.mtsomnii.de\/w7\/wp-json\/wp\/v2\/types\/post"}],"author":[{"embeddable":true,"href":"http:\/\/cms.mtsomnii.de\/w7\/wp-json\/wp\/v2\/users\/4"}],"replies":[{"embeddable":true,"href":"http:\/\/cms.mtsomnii.de\/w7\/wp-json\/wp\/v2\/comments?post=4485"}],"version-history":[{"count":0,"href":"http:\/\/cms.mtsomnii.de\/w7\/wp-json\/wp\/v2\/posts\/4485\/revisions"}],"wp:attachment":[{"href":"http:\/\/cms.mtsomnii.de\/w7\/wp-json\/wp\/v2\/media?parent=4485"}],"wp:term":[{"taxonomy":"category","embeddable":true,"href":"http:\/\/cms.mtsomnii.de\/w7\/wp-json\/wp\/v2\/categories?post=4485"},{"taxonomy":"post_tag","embeddable":true,"href":"http:\/\/cms.mtsomnii.de\/w7\/wp-json\/wp\/v2\/tags?post=4485"}],"curies":[{"name":"wp","href":"https:\/\/api.w.org\/{rel}","templated":true}]}}