{"id":4614,"date":"2021-01-17T17:36:04","date_gmt":"2021-01-17T16:36:04","guid":{"rendered":"http:\/\/cms.mtsomnii.de\/w7\/kulinaria\/yeoldekitchen-com\/lauch-und-champignons-in-blaetterteig-vegan-4614\/"},"modified":"2021-01-17T17:36:04","modified_gmt":"2021-01-17T16:36:04","slug":"lauch-und-champignons-in-blaetterteig-vegan","status":"publish","type":"post","link":"http:\/\/cms.mtsomnii.de\/w7\/kulinaria\/yeoldekitchen-com\/lauch-und-champignons-in-blaetterteig-vegan-4614\/","title":{"rendered":"Lauch und Champignons in Bl\u00e4tterteig &#8211; vegan"},"content":{"rendered":"<div>\n<p>Corona killt meinen Vibe. Und dass unsere neue K\u00fcche noch nicht komplett ist &#8211; der K\u00fchlschrank fehlt noch und das Kochfeld wird hoffentlich n\u00e4chste Woche angeschlossen -, gibt mir den Rest. Also muss ich mich ablenken. Stundenlanges Spazierengehen ist eh klar. Neuerdings versuche ich es mit veganen Ofengerichten. Vegan, weil wir im Januar komplett vegan essen und Ofengericht, nunja der funktioniert immerhin.\u00a0<\/p>\n<p>Das Gem\u00fcse in Bl\u00e4tterteig ist echt ein Knaller. Wir haben einen kleinen Salat dazu gegessen und waren happy. Ganz ohne Butter und den sonst gesetzten Fetak\u00e4se im Gem\u00fcse. Hier wird der Lockdown also ausgiebig daf\u00fcr genutzt neue Wege in der K\u00fcche zu gehen und haufenweise Rezepte zu kochen, die schon lang auf unserer Liste stehen.\u00a0<\/p>\n<\/p>\n<\/div>\n","protected":false},"excerpt":{"rendered":"<div>\n<p>Corona killt meinen Vibe. Und dass unsere neue K\u00fcche noch nicht komplett ist &#8211; der K\u00fchlschrank fehlt noch und das Kochfeld wird hoffentlich n\u00e4chste Woche angeschlossen -, gibt mir den Rest. Also muss ich mich ablenken. Stundenlanges Spazierengehen ist eh klar. Neuerdings versuche ich es mit veganen Ofengerichten. Vegan, weil wir im Januar komplett vegan essen und Ofengericht, nunja der funktioniert immerhin.\u00a0<\/p>\n<p>Das Gem\u00fcse in Bl\u00e4tterteig ist echt ein Knaller. Wir haben einen kleinen Salat dazu gegessen und waren happy. Ganz ohne Butter und den sonst gesetzten Fetak\u00e4se im Gem\u00fcse. Hier wird der Lockdown also ausgiebig daf\u00fcr genutzt neue Wege in der K\u00fcche zu gehen und haufenweise Rezepte zu kochen, die schon lang auf unserer Liste stehen.\u00a0<\/p>\n<p><img loading=\"lazy\" class=\"leftAlone\" title=\"\" src=\"https:\/\/yeoldekitchen.com\/assets\/Uploads\/_resampled\/ResizedImageWzYwMCw5MDBd\/Lauch-und-Champignons-in-Blaetterteig-vegan.jpg\" alt=\"Lauch und Champignons in Blaetterteig vegan\" width=\"600\" height=\"900\"><\/p>\n<\/div>\n","protected":false},"author":8,"featured_media":0,"comment_status":"closed","ping_status":"open","sticky":false,"template":"","format":"standard","meta":[],"categories":[98],"tags":[],"_links":{"self":[{"href":"http:\/\/cms.mtsomnii.de\/w7\/wp-json\/wp\/v2\/posts\/4614"}],"collection":[{"href":"http:\/\/cms.mtsomnii.de\/w7\/wp-json\/wp\/v2\/posts"}],"about":[{"href":"http:\/\/cms.mtsomnii.de\/w7\/wp-json\/wp\/v2\/types\/post"}],"author":[{"embeddable":true,"href":"http:\/\/cms.mtsomnii.de\/w7\/wp-json\/wp\/v2\/users\/8"}],"replies":[{"embeddable":true,"href":"http:\/\/cms.mtsomnii.de\/w7\/wp-json\/wp\/v2\/comments?post=4614"}],"version-history":[{"count":0,"href":"http:\/\/cms.mtsomnii.de\/w7\/wp-json\/wp\/v2\/posts\/4614\/revisions"}],"wp:attachment":[{"href":"http:\/\/cms.mtsomnii.de\/w7\/wp-json\/wp\/v2\/media?parent=4614"}],"wp:term":[{"taxonomy":"category","embeddable":true,"href":"http:\/\/cms.mtsomnii.de\/w7\/wp-json\/wp\/v2\/categories?post=4614"},{"taxonomy":"post_tag","embeddable":true,"href":"http:\/\/cms.mtsomnii.de\/w7\/wp-json\/wp\/v2\/tags?post=4614"}],"curies":[{"name":"wp","href":"https:\/\/api.w.org\/{rel}","templated":true}]}}