{"id":4615,"date":"2021-01-24T10:19:34","date_gmt":"2021-01-24T09:19:34","guid":{"rendered":"http:\/\/cms.mtsomnii.de\/w7\/kulinaria\/yeoldekitchen-com\/unsere-fuenf-liebsten-wintersalate-4615\/"},"modified":"2021-01-24T10:19:34","modified_gmt":"2021-01-24T09:19:34","slug":"unsere-fuenf-liebsten-wintersalate","status":"publish","type":"post","link":"http:\/\/cms.mtsomnii.de\/w7\/kulinaria\/yeoldekitchen-com\/unsere-fuenf-liebsten-wintersalate-4615\/","title":{"rendered":"Unsere f\u00fcnf liebsten Wintersalate"},"content":{"rendered":"<div>\n<p><strong>Unsere Lieblingsrezepte f\u00fcr knackig frische, leichte Salate mit saisonalem Gem\u00fcse<\/strong><\/p>\n<p>Nicht nur die von uns hei\u00df geliebten bitteren Salate wie Radicchio, Endivie, Zuckerhut, Chicor\u00e9e und Fris\u00e9e haben jetzt im Winter Saison, auch aus Wintergem\u00fcse lassen sich schmackhafte Rohkostsalate zubereiten.\u00a0<\/p>\n<p>Manche Mitmenschen sch\u00fctteln verwundert den Kopf ob unseres Salatkonsums. Auch im Winter essen wir mehrmals in der Woche Salat in allen Variationen. Heute haben wir euch einmal unsere f\u00fcnf Lieblinge aufgelistet.<\/p>\n<\/p>\n<p><strong><\/p>\n<\/p>\n<p><a title=\"Brotsalat mit Roter Bete und Schafsk\u00e4se\" href=\"https:\/\/yeoldekitchen.com\/de\/blog\/brotsalat-mit-roter-bete\/\" target=\"_blank\" rel=\"noopener\"><strong>Brot &#8211; Rote Bete &#8211; Schafsk\u00e4se<\/strong><\/a><\/p>\n<p>Brotsalat macht sich nicht nur im Sommer mit Tomaten gut, sondern kann sich auch als Winteredition sehen lassen.<\/p>\n<\/div>\n","protected":false},"excerpt":{"rendered":"<div>\n<p><strong>Unsere Lieblingsrezepte f\u00fcr knackig frische, leichte Salate mit saisonalem Gem\u00fcse<\/strong><\/p>\n<p>Nicht nur die von uns hei\u00df geliebten bitteren Salate wie Radicchio, Endivie, Zuckerhut, Chicor\u00e9e und Fris\u00e9e haben jetzt im Winter Saison, auch aus Wintergem\u00fcse lassen sich schmackhafte Rohkostsalate zubereiten.\u00a0<\/p>\n<p>Manche Mitmenschen sch\u00fctteln verwundert den Kopf ob unseres Salatkonsums. Auch im Winter essen wir mehrmals in der Woche Salat in allen Variationen. Heute haben wir euch einmal unsere f\u00fcnf Lieblinge aufgelistet.<\/p>\n<p><a title=\"Rotkrautsalat mit Limettendressing\" href=\"https:\/\/yeoldekitchen.com\/de\/blog\/rotkrautsalat-mit-limettendressing\/\" target=\"_blank\" rel=\"noopener\"><strong><img loading=\"lazy\" class=\"leftAlone\" title=\"\" src=\"https:\/\/yeoldekitchen.com\/assets\/Uploads\/_resampled\/ResizedImageWzYwMCw4OThd\/Rotkrautsalat-mit-Limettendressing2.jpg\" alt=\"Rotkrautsalat mit Limettendressing2\" width=\"600\" height=\"898\"><\/strong><\/a><\/p>\n<p><a title=\"Rotkrautsalat mit Limettendressing\" href=\"https:\/\/yeoldekitchen.com\/de\/blog\/rotkrautsalat-mit-limettendressing\/\" target=\"_blank\" rel=\"noopener\"><strong>Rotkraut &#8211; Chili &#8211; Limette<\/strong><\/a><\/p>\n<p>Krautsalat gibt es bei uns sehr oft. Diese Variante mit Lauchzwiebeln, Chili und Limettendressing ist herrlich frisch und spritzig. Genau das richtige gegen nasskaltes Wintergrau.\u00a0<\/p>\n<p><a title=\"Schwarzkohlsalat mit Aprikosen und Waln\u00fcssen\" href=\"https:\/\/yeoldekitchen.com\/de\/blog\/schwarzkohlsalat-mit-getrockneten-aprikosen-und-walnuessen\/\" target=\"_blank\" rel=\"noopener\"><img loading=\"lazy\" class=\"leftAlone\" title=\"\" src=\"https:\/\/yeoldekitchen.com\/assets\/Uploads\/_resampled\/ResizedImageWzYwMCw5MDBd\/Schwarzkohlsalat-mit-Aprikosen-und-Walnuessen2.jpg\" alt=\"Schwarzkohlsalat mit Aprikosen und Walnuessen2\" width=\"600\" height=\"900\"><\/a><\/p>\n<p><strong><a title=\"Schwarzkohlsalat mit Aprikosen und Waln\u00fcssen\" href=\"https:\/\/yeoldekitchen.com\/de\/blog\/schwarzkohlsalat-mit-getrockneten-aprikosen-und-walnuessen\/\" target=\"_blank\" rel=\"noopener\">Schwarzkohl &#8211; Aprikose &#8211; Waln\u00fcsse<\/a>\u00a0<\/strong><\/p>\n<p>Schwarzkohl haben wir leider keinen mehr im Garten stehen, aber die neuen Samen sind schon gekauft. Schwarzkohl ziehen wir wie Gr\u00fcnkohl im Mai vor und pflanzen ihn Ende Juni\/Anfang Juli in die Beete, um uns im Winter mit frischem Gr\u00fcn zu versorgen. Mittlerweile wird Schwarzkohl auch auf M\u00e4rkten angeboten, vor allem in Italien wird er gern gegessen. Falls euch Schwarzkohl einmal \u00fcber den Weg l\u00e4uft, unbedingt zugreifen und ausprobieren!<\/p>\n<p><a title=\"Linsensalat mit S\u00fc\u00dfkartoffel und Kaki\" href=\"https:\/\/yeoldekitchen.com\/de\/blog\/linsensalat-mit-gebratener-suesskartoffel-und-kaki\/\" target=\"_blank\" rel=\"noopener\"><img loading=\"lazy\" class=\"leftAlone\" title=\"\" src=\"https:\/\/yeoldekitchen.com\/assets\/Uploads\/_resampled\/ResizedImageWzYwMCw5MDBd\/Linsensalat-mit-gebratenen-Suesskartoffeln-und-Kaki2.jpg\" alt=\"Linsensalat mit gebratenen Suesskartoffeln und Kaki2\" width=\"600\" height=\"900\"><\/a><\/p>\n<p><a title=\"Linsensalat mit gebratenen S\u00fc\u00dfkartoffeln und Kaki\" href=\"https:\/\/yeoldekitchen.com\/de\/blog\/linsensalat-mit-gebratener-suesskartoffel-und-kaki\/\" target=\"_blank\" rel=\"noopener\"><strong>Linsen &#8211; S\u00fc\u00dfkartoffel &#8211; Kaki<\/strong><\/a><\/p>\n<p>Schwaben lieben ihre Linsen. Und da sind wir keine Ausnahme. Mit Kaki, Feldsalat und gebratenen S\u00fc\u00dfkartoffeln ergeben die Linsen einen k\u00f6stlichen lauwarmen Salat.<\/p>\n<p>\u00a0<a title=\"Rosenkohlsalat mit \u00c4pfeln und Haseln\u00fcssen\" href=\"https:\/\/yeoldekitchen.com\/de\/blog\/rohkostsalat-mit-rosenkohl-und-aepfeln\/\" target=\"_blank\" rel=\"noopener\"><img loading=\"lazy\" class=\"leftAlone\" title=\"\" src=\"https:\/\/yeoldekitchen.com\/assets\/Uploads\/_resampled\/ResizedImageWzYwMCwzOTdd\/Rohkostsalat-mit-Rosenkohl-und-Aepfeln3.jpg\" alt=\"Rohkostsalat mit Rosenkohl und Aepfeln3\" width=\"600\" height=\"397\"><\/a><\/p>\n<p><a title=\"Rohkostsalat mit Rosenkohl, \u00c4pfeln und Haseln\u00fcssen\" href=\"https:\/\/yeoldekitchen.com\/de\/blog\/rohkostsalat-mit-rosenkohl-und-aepfeln\/\" target=\"_blank\" rel=\"noopener\"><strong>Rosenkohl &#8211; \u00c4pfel &#8211; Haseln\u00fcsse<\/strong><\/a><\/p>\n<p>Unser Gamechanger 2018 &#8211; Rosenkohl roh als Salat serviert. Seitdem wandern die gr\u00fcnen R\u00f6schen sehr oft fein geschnitten in die Sch\u00fcssel.\u00a0<\/p>\n<p><a title=\"Brotsalat mit roter Bete und Schafsk\u00e4se\" href=\"https:\/\/yeoldekitchen.com\/de\/blog\/brotsalat-mit-roter-bete\/\" target=\"_blank\" rel=\"noopener\"><img loading=\"lazy\" class=\"leftAlone\" title=\"\" src=\"https:\/\/yeoldekitchen.com\/assets\/Uploads\/_resampled\/ResizedImageWzYwMCw4OThd\/Brotsalat-mit-rote-Bete-und-Schafskaese2.jpg\" alt=\"Brotsalat mit rote Bete und Schafskaese2\" width=\"600\" height=\"898\"><\/a><\/p>\n<p><a title=\"Brotsalat mit Roter Bete und Schafsk\u00e4se\" href=\"https:\/\/yeoldekitchen.com\/de\/blog\/brotsalat-mit-roter-bete\/\" target=\"_blank\" rel=\"noopener\"><strong>Brot &#8211; Rote Bete &#8211; Schafsk\u00e4se<\/strong><\/a><\/p>\n<p>Brotsalat macht sich nicht nur im Sommer mit Tomaten gut, sondern kann sich auch als Winteredition sehen lassen.<\/p>\n<\/div>\n","protected":false},"author":8,"featured_media":0,"comment_status":"closed","ping_status":"open","sticky":false,"template":"","format":"standard","meta":[],"categories":[98],"tags":[],"_links":{"self":[{"href":"http:\/\/cms.mtsomnii.de\/w7\/wp-json\/wp\/v2\/posts\/4615"}],"collection":[{"href":"http:\/\/cms.mtsomnii.de\/w7\/wp-json\/wp\/v2\/posts"}],"about":[{"href":"http:\/\/cms.mtsomnii.de\/w7\/wp-json\/wp\/v2\/types\/post"}],"author":[{"embeddable":true,"href":"http:\/\/cms.mtsomnii.de\/w7\/wp-json\/wp\/v2\/users\/8"}],"replies":[{"embeddable":true,"href":"http:\/\/cms.mtsomnii.de\/w7\/wp-json\/wp\/v2\/comments?post=4615"}],"version-history":[{"count":0,"href":"http:\/\/cms.mtsomnii.de\/w7\/wp-json\/wp\/v2\/posts\/4615\/revisions"}],"wp:attachment":[{"href":"http:\/\/cms.mtsomnii.de\/w7\/wp-json\/wp\/v2\/media?parent=4615"}],"wp:term":[{"taxonomy":"category","embeddable":true,"href":"http:\/\/cms.mtsomnii.de\/w7\/wp-json\/wp\/v2\/categories?post=4615"},{"taxonomy":"post_tag","embeddable":true,"href":"http:\/\/cms.mtsomnii.de\/w7\/wp-json\/wp\/v2\/tags?post=4615"}],"curies":[{"name":"wp","href":"https:\/\/api.w.org\/{rel}","templated":true}]}}