{"id":471,"date":"2020-03-18T17:13:00","date_gmt":"2020-03-18T17:13:00","guid":{"rendered":"https:\/\/w7vongap.de\/merkur-de-gap\/corona-im-landkreis-garmisch-partenkirchen-grenze-dicht-weitere-infizierte-13602740-html-2-471\/"},"modified":"2020-03-18T17:13:00","modified_gmt":"2020-03-18T17:13:00","slug":"corona-im-landkreis-garmisch-partenkirchen-grenze-dicht-weitere-infizierte-13602740-html-2","status":"publish","type":"post","link":"http:\/\/cms.mtsomnii.de\/w7\/merkur-de-gap\/corona-im-landkreis-garmisch-partenkirchen-grenze-dicht-weitere-infizierte-13602740-html-2-471\/","title":{"rendered":"Corona-Virus im Landkreis Garmisch-Partenkirchen: Gemeinde erm\u00f6glicht Steuerstundung, drei Grenz\u00fcberg\u00e4nge dicht, weitere Infizierte"},"content":{"rendered":"<div>Die Auswirkungen des Corona-Virus sind auch im Landkreis Garmisch-Partenkirchen weiter sp&uuml;rbar. Dort gibt es seit Montag vier neue F&auml;lle. Das Klinikum erl&auml;sst Besuchsverbot, der Bahnverkehr ist eingeschr&auml;nkt.&nbsp;<\/div>\n","protected":false},"excerpt":{"rendered":"<p>Die Auswirkungen des Corona-Virus sind auch im Landkreis Garmisch-Partenkirchen weiter sp&uuml;rbar. Dort gibt es seit Montag vier neue F&auml;lle. Das Klinikum erl&auml;sst Besuchsverbot, der Bahnverkehr ist eingeschr&auml;nkt.&nbsp;<\/p>\n","protected":false},"author":5,"featured_media":228,"comment_status":"closed","ping_status":"open","sticky":false,"template":"","format":"standard","meta":[],"categories":[5],"tags":[],"_links":{"self":[{"href":"http:\/\/cms.mtsomnii.de\/w7\/wp-json\/wp\/v2\/posts\/471"}],"collection":[{"href":"http:\/\/cms.mtsomnii.de\/w7\/wp-json\/wp\/v2\/posts"}],"about":[{"href":"http:\/\/cms.mtsomnii.de\/w7\/wp-json\/wp\/v2\/types\/post"}],"author":[{"embeddable":true,"href":"http:\/\/cms.mtsomnii.de\/w7\/wp-json\/wp\/v2\/users\/5"}],"replies":[{"embeddable":true,"href":"http:\/\/cms.mtsomnii.de\/w7\/wp-json\/wp\/v2\/comments?post=471"}],"version-history":[{"count":0,"href":"http:\/\/cms.mtsomnii.de\/w7\/wp-json\/wp\/v2\/posts\/471\/revisions"}],"wp:featuredmedia":[{"embeddable":true,"href":"http:\/\/cms.mtsomnii.de\/w7\/wp-json\/wp\/v2\/media\/228"}],"wp:attachment":[{"href":"http:\/\/cms.mtsomnii.de\/w7\/wp-json\/wp\/v2\/media?parent=471"}],"wp:term":[{"taxonomy":"category","embeddable":true,"href":"http:\/\/cms.mtsomnii.de\/w7\/wp-json\/wp\/v2\/categories?post=471"},{"taxonomy":"post_tag","embeddable":true,"href":"http:\/\/cms.mtsomnii.de\/w7\/wp-json\/wp\/v2\/tags?post=471"}],"curies":[{"name":"wp","href":"https:\/\/api.w.org\/{rel}","templated":true}]}}