{"id":4951,"date":"2021-03-30T09:21:00","date_gmt":"2021-03-30T07:21:00","guid":{"rendered":"http:\/\/cms.mtsomnii.de\/w7\/kreisbote-gap\/ausflugsverkehr-im-landkreis-garmisch-partenkirchen-90265209-html-4951\/"},"modified":"2021-03-30T09:21:00","modified_gmt":"2021-03-30T07:21:00","slug":"ausflugsverkehr-im-landkreis-garmisch-partenkirchen-90265209-html","status":"publish","type":"post","link":"http:\/\/cms.mtsomnii.de\/w7\/kreisbote-gap\/ausflugsverkehr-im-landkreis-garmisch-partenkirchen-90265209-html-4951\/","title":{"rendered":"Ausflugsverkehr im Landkreis Garmisch-Partenkirchen"},"content":{"rendered":"<div>Region \u2013 Im Zust\u00e4ndigkeitsbereich des Polizeipr\u00e4sidiums Oberbayern S\u00fcd befinden sich zahlreiche touristische \u201eHot\u00adspots\u201c. Die An- und Abfahrtswege sowie \u00f6ffentlichen Parkpl\u00e4tze waren bereits vor der Corona-Pandemie regelm\u00e4\u00dfig durch den Ausflugsverkehr \u00fcberf\u00fcllt und nicht mehr aufnahmef\u00e4hig. Im vergangenen Jahr kam es in den Regionen der oberbayerischen Berge und Seen zu neuen Belastungsspitzen. Ausflugsparkpl\u00e4tze waren vielerorts schon am fr\u00fchen Vormittag restlos \u00fcberf\u00fcllt, so dass zahlreiche Fahrzeuge am Fahrbahnrand, auf Gr\u00fcnstreifen, in W\u00e4ldern oder auf Wiesen abgestellt wurden. Diese \u201eWildparkerei\u201c f\u00fchrte oftmals zu massiven Verkehrsproblemen, da auf den schmalen Zufahrtsstra\u00dfen durch die am Fahrbahnrand geparkten Fahrzeuge erhebliche Behinderungen entstanden.<\/div>\n","protected":false},"excerpt":{"rendered":"<p>Region \u2013 Im Zust\u00e4ndigkeitsbereich des Polizeipr\u00e4sidiums Oberbayern S\u00fcd befinden sich zahlreiche touristische \u201eHot\u00adspots\u201c. Die An- und Abfahrtswege sowie \u00f6ffentlichen Parkpl\u00e4tze waren bereits vor der Corona-Pandemie regelm\u00e4\u00dfig durch den Ausflugsverkehr \u00fcberf\u00fcllt und nicht mehr aufnahmef\u00e4hig. Im vergangenen Jahr kam es in den Regionen der oberbayerischen Berge und Seen zu neuen Belastungsspitzen. Ausflugsparkpl\u00e4tze waren vielerorts schon am fr\u00fchen Vormittag restlos \u00fcberf\u00fcllt, so<\/p>\n","protected":false},"author":4,"featured_media":0,"comment_status":"closed","ping_status":"open","sticky":false,"template":"","format":"standard","meta":[],"categories":[2],"tags":[],"_links":{"self":[{"href":"http:\/\/cms.mtsomnii.de\/w7\/wp-json\/wp\/v2\/posts\/4951"}],"collection":[{"href":"http:\/\/cms.mtsomnii.de\/w7\/wp-json\/wp\/v2\/posts"}],"about":[{"href":"http:\/\/cms.mtsomnii.de\/w7\/wp-json\/wp\/v2\/types\/post"}],"author":[{"embeddable":true,"href":"http:\/\/cms.mtsomnii.de\/w7\/wp-json\/wp\/v2\/users\/4"}],"replies":[{"embeddable":true,"href":"http:\/\/cms.mtsomnii.de\/w7\/wp-json\/wp\/v2\/comments?post=4951"}],"version-history":[{"count":0,"href":"http:\/\/cms.mtsomnii.de\/w7\/wp-json\/wp\/v2\/posts\/4951\/revisions"}],"wp:attachment":[{"href":"http:\/\/cms.mtsomnii.de\/w7\/wp-json\/wp\/v2\/media?parent=4951"}],"wp:term":[{"taxonomy":"category","embeddable":true,"href":"http:\/\/cms.mtsomnii.de\/w7\/wp-json\/wp\/v2\/categories?post=4951"},{"taxonomy":"post_tag","embeddable":true,"href":"http:\/\/cms.mtsomnii.de\/w7\/wp-json\/wp\/v2\/tags?post=4951"}],"curies":[{"name":"wp","href":"https:\/\/api.w.org\/{rel}","templated":true}]}}