{"id":4962,"date":"2021-03-29T13:14:30","date_gmt":"2021-03-29T11:14:30","guid":{"rendered":"http:\/\/cms.mtsomnii.de\/w7\/merkur-de-gap\/felix-neureuther-coronavirus-regeln-lockdown-kinder-mallorca-sport-urlaub-sportschau-tv-zr-90256273-html-3-4962\/"},"modified":"2021-03-29T13:14:30","modified_gmt":"2021-03-29T11:14:30","slug":"felix-neureuther-coronavirus-regeln-lockdown-kinder-mallorca-sport-urlaub-sportschau-tv-zr-90256273-html-3","status":"publish","type":"post","link":"http:\/\/cms.mtsomnii.de\/w7\/merkur-de-gap\/felix-neureuther-coronavirus-regeln-lockdown-kinder-mallorca-sport-urlaub-sportschau-tv-zr-90256273-html-3-4962\/","title":{"rendered":"Felix Neureuther h\u00e4lt im TV Brandrede gegen Corona-Regeln f\u00fcr Kinder &#8211; \u201eWo sind wir denn?\u201c"},"content":{"rendered":"<div>Sportexperte Felix Neureuther zeigt kein Verst\u00e4ndnis f\u00fcr manche Corona-Beschl\u00fcsse. Vor allem, dass Kinder keinen Sport machen k\u00f6nnen, prangerte er nun \u00f6ffentlich an.<\/div>\n","protected":false},"excerpt":{"rendered":"<p>Sportexperte Felix Neureuther zeigt kein Verst\u00e4ndnis f\u00fcr manche Corona-Beschl\u00fcsse. Vor allem, dass Kinder keinen Sport machen k\u00f6nnen, prangerte er nun \u00f6ffentlich an.<\/p>\n","protected":false},"author":5,"featured_media":0,"comment_status":"closed","ping_status":"open","sticky":false,"template":"","format":"standard","meta":[],"categories":[5],"tags":[],"_links":{"self":[{"href":"http:\/\/cms.mtsomnii.de\/w7\/wp-json\/wp\/v2\/posts\/4962"}],"collection":[{"href":"http:\/\/cms.mtsomnii.de\/w7\/wp-json\/wp\/v2\/posts"}],"about":[{"href":"http:\/\/cms.mtsomnii.de\/w7\/wp-json\/wp\/v2\/types\/post"}],"author":[{"embeddable":true,"href":"http:\/\/cms.mtsomnii.de\/w7\/wp-json\/wp\/v2\/users\/5"}],"replies":[{"embeddable":true,"href":"http:\/\/cms.mtsomnii.de\/w7\/wp-json\/wp\/v2\/comments?post=4962"}],"version-history":[{"count":0,"href":"http:\/\/cms.mtsomnii.de\/w7\/wp-json\/wp\/v2\/posts\/4962\/revisions"}],"wp:attachment":[{"href":"http:\/\/cms.mtsomnii.de\/w7\/wp-json\/wp\/v2\/media?parent=4962"}],"wp:term":[{"taxonomy":"category","embeddable":true,"href":"http:\/\/cms.mtsomnii.de\/w7\/wp-json\/wp\/v2\/categories?post=4962"},{"taxonomy":"post_tag","embeddable":true,"href":"http:\/\/cms.mtsomnii.de\/w7\/wp-json\/wp\/v2\/tags?post=4962"}],"curies":[{"name":"wp","href":"https:\/\/api.w.org\/{rel}","templated":true}]}}