{"id":4970,"date":"2021-03-31T11:26:00","date_gmt":"2021-03-31T09:26:00","guid":{"rendered":"http:\/\/cms.mtsomnii.de\/w7\/kreisbote-gap\/coronavirus-landkreis-garmisch-partenkirchen-90089884-html-12-4970\/"},"modified":"2021-03-31T11:26:00","modified_gmt":"2021-03-31T09:26:00","slug":"coronavirus-landkreis-garmisch-partenkirchen-90089884-html-12","status":"publish","type":"post","link":"http:\/\/cms.mtsomnii.de\/w7\/kreisbote-gap\/coronavirus-landkreis-garmisch-partenkirchen-90089884-html-12-4970\/","title":{"rendered":"Pandemiebedingte Grenzkontrollen zu Tirol entfallen"},"content":{"rendered":"<div>Landkreis GAP  \u2012    Bundesinnenminister Horst Seehofer hat die pandemiebedingten Grenzkontrollen zum Bundesland Tirol gestoppt.\u00a0Die Infektionslage dort hat sich deutlich gebessert &#8211; Tirol wurde als einfaches Risikogebiet runtergestuft. Die Einreisesperre f\u00fcr bestimmte Personengruppen f\u00e4llt damit nach Angaben der Bundespolizei in Bayern weg, auch das Bef\u00f6rderungsverbot f\u00fcr Bus- und Bahnunternehmen.<br \/>   Bayern hat am Mittwoch auch mit den ersten Corona-Impfungen bei den niedergelassenen \u00c4rzten begonnen.\u00a0Gesundheitsminister Klaus Holetschek betonte: \u201eWir haben alles daf\u00fcr getan, um noch vor Ostern mit den\u00a0den Impfungen bei den Haus\u00e4rzten durchzustarten. Das ist ein wichtiges Signal!\u201c Auch wenn es zun\u00e4chst nur eine kleine Menge an Impfdosen zu verteilen gab &#8211; auch f\u00fcr den bayerischen Haus\u00e4rzteverband ist der Impfstart in Bayern ein \u201egutes und hoffnungsvolles Signal im Kampf gegen die Corona-Pandemie.\u201c\u00a0<\/div>\n","protected":false},"excerpt":{"rendered":"<p>Landkreis GAP \u2012 Bundesinnenminister Horst Seehofer hat die pandemiebedingten Grenzkontrollen zum Bundesland Tirol gestoppt.\u00a0Die Infektionslage dort hat sich deutlich gebessert &#8211; Tirol wurde als einfaches Risikogebiet runtergestuft. Die Einreisesperre f\u00fcr bestimmte Personengruppen f\u00e4llt damit nach Angaben der Bundespolizei in Bayern weg, auch das Bef\u00f6rderungsverbot f\u00fcr Bus- und Bahnunternehmen. Bayern hat am Mittwoch auch mit den ersten Corona-Impfungen bei den niedergelassenen<\/p>\n","protected":false},"author":4,"featured_media":0,"comment_status":"closed","ping_status":"open","sticky":false,"template":"","format":"standard","meta":[],"categories":[2],"tags":[],"_links":{"self":[{"href":"http:\/\/cms.mtsomnii.de\/w7\/wp-json\/wp\/v2\/posts\/4970"}],"collection":[{"href":"http:\/\/cms.mtsomnii.de\/w7\/wp-json\/wp\/v2\/posts"}],"about":[{"href":"http:\/\/cms.mtsomnii.de\/w7\/wp-json\/wp\/v2\/types\/post"}],"author":[{"embeddable":true,"href":"http:\/\/cms.mtsomnii.de\/w7\/wp-json\/wp\/v2\/users\/4"}],"replies":[{"embeddable":true,"href":"http:\/\/cms.mtsomnii.de\/w7\/wp-json\/wp\/v2\/comments?post=4970"}],"version-history":[{"count":0,"href":"http:\/\/cms.mtsomnii.de\/w7\/wp-json\/wp\/v2\/posts\/4970\/revisions"}],"wp:attachment":[{"href":"http:\/\/cms.mtsomnii.de\/w7\/wp-json\/wp\/v2\/media?parent=4970"}],"wp:term":[{"taxonomy":"category","embeddable":true,"href":"http:\/\/cms.mtsomnii.de\/w7\/wp-json\/wp\/v2\/categories?post=4970"},{"taxonomy":"post_tag","embeddable":true,"href":"http:\/\/cms.mtsomnii.de\/w7\/wp-json\/wp\/v2\/tags?post=4970"}],"curies":[{"name":"wp","href":"https:\/\/api.w.org\/{rel}","templated":true}]}}