{"id":4973,"date":"2021-03-31T15:05:00","date_gmt":"2021-03-31T13:05:00","guid":{"rendered":"http:\/\/cms.mtsomnii.de\/w7\/kreisbote-gap\/arbeitsagenturen-im-landkreis-garmisch-partenkirchen-sind-rund-um-ostern-erreichbar-90273523-html-4973\/"},"modified":"2021-03-31T15:05:00","modified_gmt":"2021-03-31T13:05:00","slug":"arbeitsagenturen-im-landkreis-garmisch-partenkirchen-sind-rund-um-ostern-erreichbar-90273523-html","status":"publish","type":"post","link":"http:\/\/cms.mtsomnii.de\/w7\/kreisbote-gap\/arbeitsagenturen-im-landkreis-garmisch-partenkirchen-sind-rund-um-ostern-erreichbar-90273523-html-4973\/","title":{"rendered":"Arbeitsagenturen im Landkreis Garmisch-Partenkirchen sind rund um Ostern erreichbar\u00a0"},"content":{"rendered":"<div>Landkreis &#8211; Die Arbeitsagenturen in den Landkreisen Weilheim-Schongau, Landsberg, F\u00fcrstenfeldbruck, Starnberg und Garmisch-Partenkirchen bleiben w\u00e4hrend der Corona-Pandemie erreichbar. Die meisten Beratungsgespr\u00e4che finden derzeit telefonisch statt.<\/div>\n","protected":false},"excerpt":{"rendered":"<p>Landkreis &#8211; Die Arbeitsagenturen in den Landkreisen Weilheim-Schongau, Landsberg, F\u00fcrstenfeldbruck, Starnberg und Garmisch-Partenkirchen bleiben w\u00e4hrend der Corona-Pandemie erreichbar. Die meisten Beratungsgespr\u00e4che finden derzeit telefonisch statt.<\/p>\n","protected":false},"author":4,"featured_media":0,"comment_status":"closed","ping_status":"open","sticky":false,"template":"","format":"standard","meta":[],"categories":[2],"tags":[],"_links":{"self":[{"href":"http:\/\/cms.mtsomnii.de\/w7\/wp-json\/wp\/v2\/posts\/4973"}],"collection":[{"href":"http:\/\/cms.mtsomnii.de\/w7\/wp-json\/wp\/v2\/posts"}],"about":[{"href":"http:\/\/cms.mtsomnii.de\/w7\/wp-json\/wp\/v2\/types\/post"}],"author":[{"embeddable":true,"href":"http:\/\/cms.mtsomnii.de\/w7\/wp-json\/wp\/v2\/users\/4"}],"replies":[{"embeddable":true,"href":"http:\/\/cms.mtsomnii.de\/w7\/wp-json\/wp\/v2\/comments?post=4973"}],"version-history":[{"count":0,"href":"http:\/\/cms.mtsomnii.de\/w7\/wp-json\/wp\/v2\/posts\/4973\/revisions"}],"wp:attachment":[{"href":"http:\/\/cms.mtsomnii.de\/w7\/wp-json\/wp\/v2\/media?parent=4973"}],"wp:term":[{"taxonomy":"category","embeddable":true,"href":"http:\/\/cms.mtsomnii.de\/w7\/wp-json\/wp\/v2\/categories?post=4973"},{"taxonomy":"post_tag","embeddable":true,"href":"http:\/\/cms.mtsomnii.de\/w7\/wp-json\/wp\/v2\/tags?post=4973"}],"curies":[{"name":"wp","href":"https:\/\/api.w.org\/{rel}","templated":true}]}}