{"id":4991,"date":"2021-03-31T19:22:00","date_gmt":"2021-03-31T17:22:00","guid":{"rendered":"http:\/\/cms.mtsomnii.de\/w7\/merkur-de-gap\/ostern-ein-bisschen-sicherer-machen-90295486-html-2-4991\/"},"modified":"2021-03-31T19:22:00","modified_gmt":"2021-03-31T17:22:00","slug":"ostern-ein-bisschen-sicherer-machen-90295486-html-2","status":"publish","type":"post","link":"http:\/\/cms.mtsomnii.de\/w7\/merkur-de-gap\/ostern-ein-bisschen-sicherer-machen-90295486-html-2-4991\/","title":{"rendered":"\u201eOstern etwas sicherer machen\u201c: Corona-Testzentrum in Garmisch-Partenkirchen nimmt Betrieb auf"},"content":{"rendered":"<div>Die Garmischer Gesch\u00e4ftsleute starten am Gr\u00fcndonnerstag mit den Schnelltests am Richard-Strauss-Platz. Eine Anmeldung per QR-Code ist erw\u00fcnscht, sonst drohen Wartezeiten.<\/div>\n","protected":false},"excerpt":{"rendered":"<p>Die Garmischer Gesch\u00e4ftsleute starten am Gr\u00fcndonnerstag mit den Schnelltests am Richard-Strauss-Platz. Eine Anmeldung per QR-Code ist erw\u00fcnscht, sonst drohen Wartezeiten.<\/p>\n","protected":false},"author":5,"featured_media":0,"comment_status":"closed","ping_status":"open","sticky":false,"template":"","format":"standard","meta":[],"categories":[5],"tags":[],"_links":{"self":[{"href":"http:\/\/cms.mtsomnii.de\/w7\/wp-json\/wp\/v2\/posts\/4991"}],"collection":[{"href":"http:\/\/cms.mtsomnii.de\/w7\/wp-json\/wp\/v2\/posts"}],"about":[{"href":"http:\/\/cms.mtsomnii.de\/w7\/wp-json\/wp\/v2\/types\/post"}],"author":[{"embeddable":true,"href":"http:\/\/cms.mtsomnii.de\/w7\/wp-json\/wp\/v2\/users\/5"}],"replies":[{"embeddable":true,"href":"http:\/\/cms.mtsomnii.de\/w7\/wp-json\/wp\/v2\/comments?post=4991"}],"version-history":[{"count":0,"href":"http:\/\/cms.mtsomnii.de\/w7\/wp-json\/wp\/v2\/posts\/4991\/revisions"}],"wp:attachment":[{"href":"http:\/\/cms.mtsomnii.de\/w7\/wp-json\/wp\/v2\/media?parent=4991"}],"wp:term":[{"taxonomy":"category","embeddable":true,"href":"http:\/\/cms.mtsomnii.de\/w7\/wp-json\/wp\/v2\/categories?post=4991"},{"taxonomy":"post_tag","embeddable":true,"href":"http:\/\/cms.mtsomnii.de\/w7\/wp-json\/wp\/v2\/tags?post=4991"}],"curies":[{"name":"wp","href":"https:\/\/api.w.org\/{rel}","templated":true}]}}