{"id":5765,"date":"2021-05-31T15:33:01","date_gmt":"2021-05-31T13:33:01","guid":{"rendered":"http:\/\/cms.mtsomnii.de\/w7\/kreisbote-gap\/53-jaehrige-vermisste-aus-grainau-tot-aufgefunden-90782792-html-5765\/"},"modified":"2021-05-31T15:33:01","modified_gmt":"2021-05-31T13:33:01","slug":"53-jaehrige-vermisste-aus-grainau-tot-aufgefunden-90782792-html","status":"publish","type":"post","link":"http:\/\/cms.mtsomnii.de\/w7\/kreisbote-gap\/53-jaehrige-vermisste-aus-grainau-tot-aufgefunden-90782792-html-5765\/","title":{"rendered":"53-J\u00e4hrige Vermisste aus Grainau tot aufgefunden"},"content":{"rendered":"<div>Grainau &#8211; 53-j\u00e4hriger Frau aus Grainau brach am Sonntag zu einer Wanderung zur H\u00f6llentalangerh\u00fctte auf. Sie kehrte von der Bergtour allerdings nicht mehr zur\u00fcck. Nun wurde die Vermisste in einer Schuttrei\u00dfe im H\u00f6llental leblos aufgefunden.<\/div>\n","protected":false},"excerpt":{"rendered":"<p>Grainau &#8211; 53-j\u00e4hriger Frau aus Grainau brach am Sonntag zu einer Wanderung zur H\u00f6llentalangerh\u00fctte auf. Sie kehrte von der Bergtour allerdings nicht mehr zur\u00fcck. Nun wurde die Vermisste in einer Schuttrei\u00dfe im H\u00f6llental leblos aufgefunden.<\/p>\n","protected":false},"author":4,"featured_media":0,"comment_status":"closed","ping_status":"open","sticky":false,"template":"","format":"standard","meta":[],"categories":[2],"tags":[],"_links":{"self":[{"href":"http:\/\/cms.mtsomnii.de\/w7\/wp-json\/wp\/v2\/posts\/5765"}],"collection":[{"href":"http:\/\/cms.mtsomnii.de\/w7\/wp-json\/wp\/v2\/posts"}],"about":[{"href":"http:\/\/cms.mtsomnii.de\/w7\/wp-json\/wp\/v2\/types\/post"}],"author":[{"embeddable":true,"href":"http:\/\/cms.mtsomnii.de\/w7\/wp-json\/wp\/v2\/users\/4"}],"replies":[{"embeddable":true,"href":"http:\/\/cms.mtsomnii.de\/w7\/wp-json\/wp\/v2\/comments?post=5765"}],"version-history":[{"count":0,"href":"http:\/\/cms.mtsomnii.de\/w7\/wp-json\/wp\/v2\/posts\/5765\/revisions"}],"wp:attachment":[{"href":"http:\/\/cms.mtsomnii.de\/w7\/wp-json\/wp\/v2\/media?parent=5765"}],"wp:term":[{"taxonomy":"category","embeddable":true,"href":"http:\/\/cms.mtsomnii.de\/w7\/wp-json\/wp\/v2\/categories?post=5765"},{"taxonomy":"post_tag","embeddable":true,"href":"http:\/\/cms.mtsomnii.de\/w7\/wp-json\/wp\/v2\/tags?post=5765"}],"curies":[{"name":"wp","href":"https:\/\/api.w.org\/{rel}","templated":true}]}}